{"id":6237,"date":"2024-08-12T10:43:25","date_gmt":"2024-08-12T08:43:25","guid":{"rendered":"https:\/\/france-resille.com\/?p=6237"},"modified":"2024-12-16T14:58:46","modified_gmt":"2024-12-16T13:58:46","slug":"comment-proteger-sa-resille-en-beton-du-soleil","status":"publish","type":"post","link":"https:\/\/france-resille.com\/en\/comment-proteger-sa-resille-en-beton-du-soleil\/","title":{"rendered":"Comment prot\u00e9ger sa r\u00e9sille en b\u00e9ton du soleil ?"},"content":{"rendered":"<div class=\"flex flex-grow flex-col max-w-full\">\n<div class=\"min-h-[20px] text-message flex w-full flex-col items-end gap-2 whitespace-pre-wrap break-words [.text-message+&amp;]:mt-5 overflow-x-auto\" dir=\"auto\" data-message-author-role=\"assistant\" data-message-id=\"9c0b68ef-73b3-4f3c-b2ee-18e06a4fbd99\">\n<div class=\"flex w-full flex-col gap-1 empty:hidden first:pt-[3px]\">\n<div class=\"markdown prose w-full break-words dark:prose-invert light\">\n<p>La r\u00e9sille en b\u00e9ton, utilis\u00e9e pour des structures architecturales modernes ou pour des \u00e9l\u00e9ments d\u00e9coratifs, est souvent expos\u00e9e aux intemp\u00e9ries, y compris aux rayons UV du soleil.<!--more-->Malheureusement, cette exposition peut entra\u00eener une <strong>d\u00e9gradation progressive du mat\u00e9riau<\/strong>, affectant \u00e0 la fois son esth\u00e9tique et sa durabilit\u00e9. Prot\u00e9ger la r\u00e9sille en b\u00e9ton du soleil est donc essentiel pour pr\u00e9server son int\u00e9grit\u00e9 et son apparence. D\u00e8s lors, voici quelques strat\u00e9gies pour <strong>prot\u00e9ger efficacement la r\u00e9sille en b\u00e9ton du soleil<\/strong>.<\/p>\n<h2>Utiliser des rev\u00eatements protecteurs<\/h2>\n<p>En premier lieu, sachez que l&#8217;application d&#8217;une <strong>peinture<\/strong> ou d&#8217;un<strong> rev\u00eatement sp\u00e9cialement formul\u00e9 pour r\u00e9sister aux rayons UV<\/strong> est l&#8217;une des solutions les plus efficaces pour prot\u00e9ger la r\u00e9sille en b\u00e9ton. En effet, ces produits cr\u00e9ent une barri\u00e8re protectrice qui <strong>emp\u00eache les rayons du soleil de p\u00e9n\u00e9trer et de d\u00e9grader la surface du b\u00e9ton<\/strong>. Il existe d&#8217;ailleurs des <strong>peintures acryliques<\/strong> ou des<strong> rev\u00eatements \u00e9lastom\u00e8res<\/strong> qui sont con\u00e7us pour r\u00e9sister aux conditions climatiques extr\u00eames, tout en offrant une protection durable contre les UV. Les <strong>scellants acryliques ou polyur\u00e9thanes<\/strong> quant \u00e0 eux peuvent \u00eatre appliqu\u00e9s sur la surface de la r\u00e9sille en b\u00e9ton pour offrir une protection suppl\u00e9mentaire. Ces scellants, souvent transparents, <strong>emp\u00eachent l&#8217;eau de p\u00e9n\u00e9trer dans le b\u00e9ton<\/strong>, <strong>r\u00e9duisant ainsi les risques de fissuration et de d\u00e9gradation<\/strong> dus aux cycles de gel et de d\u00e9gel. Certains scellants sont \u00e9galement formul\u00e9s pour<strong> bloquer les rayons UV<\/strong>, offrant une double protection contre les intemp\u00e9ries et le soleil.<\/p>\n<h2>Installer des \u00e9l\u00e9ments d&#8217;ombrage<\/h2>\n<p>La construction d&#8217;une pergola ou l&#8217;installation d&#8217;un treillis au-dessus de la r\u00e9sille en b\u00e9ton peut aussi offrir une protection efficace contre le soleil. Ces structures permettent de <strong>filtrer les rayons directs du soleil, r\u00e9duisant ainsi l&#8217;exposition du b\u00e9ton<\/strong> aux UV. En plus de prot\u00e9ger, ces \u00e9l\u00e9ments d&#8217;ombrage peuvent ajouter une dimension esth\u00e9tique \u00e0 l&#8217;ensemble architectural, cr\u00e9ant des <strong>jeux d&#8217;ombre et de lumi\u00e8re int\u00e9ressants<\/strong>. Planter des<strong> plantes grimpantes<\/strong> comme la vigne ou le lierre peut \u00e9galement \u00eatre une solution naturelle pour prot\u00e9ger la r\u00e9sille en b\u00e9ton du soleil. La v\u00e9g\u00e9tation cr\u00e9e une barri\u00e8re ombrag\u00e9e qui r\u00e9duit l&#8217;impact des rayons UV sur le b\u00e9ton. De plus, la verdure peut ajouter un <strong>aspect visuel attrayant<\/strong> \u00e0 la structure, tout en <strong>am\u00e9liorant la qualit\u00e9 de l&#8217;air environnant<\/strong>.<\/p>\n<h2>R\u00e9aliser un entretien r\u00e9gulier<\/h2>\n<p>Bien \u00e9videmment, il est essentiel de r\u00e9aliser des<strong> inspections r\u00e9guli\u00e8res<\/strong> de la r\u00e9sille en b\u00e9ton pour d\u00e9tecter les signes de d\u00e9t\u00e9rioration due au soleil. Recherchez des<strong> fissures<\/strong>, des<strong> d\u00e9colorations<\/strong> ou des <strong>\u00e9caillages<\/strong> qui peuvent indiquer une exposition excessive aux UV. Un <strong>nettoyage r\u00e9gulier \u00e0 l&#8217;eau claire<\/strong>, et \u00e9ventuellement \u00e0 l&#8217;aide de <strong>produits nettoyants doux<\/strong>, permet \u00e9galement de pr\u00e9server la surface du b\u00e9ton en \u00e9liminant les d\u00e9p\u00f4ts de salet\u00e9 qui pourraient contribuer \u00e0 sa d\u00e9gradation. En cas de d\u00e9tection de fissures ou d&#8217;autres signes de d\u00e9gradation, il est important de <strong>proc\u00e9der rapidement \u00e0 des r\u00e9parations<\/strong> pour \u00e9viter que les dommages ne s&#8217;aggravent. Utilisez des produits de r\u00e9paration sp\u00e9cialement con\u00e7us pour le b\u00e9ton ext\u00e9rieur, qui offrent une protection suppl\u00e9mentaire contre les rayons UV et les intemp\u00e9ries.<\/p>\n<p>Ainsi,<strong> prot\u00e9ger sa r\u00e9sille en b\u00e9ton du soleil est essentiel pour maintenir sa beaut\u00e9 et sa durabilit\u00e9<\/strong> au fil du temps. En appliquant des rev\u00eatements protecteurs, en installant des \u00e9l\u00e9ments d&#8217;ombrage, et en r\u00e9alisant un entretien r\u00e9gulier, vous pouvez prolonger la vie de votre structure en b\u00e9ton et pr\u00e9server son apparence face aux effets n\u00e9fastes des rayons UV. Ces <strong>mesures pr\u00e9ventives<\/strong> sont un <strong>investissement judicieux<\/strong> pour toute structure expos\u00e9e aux \u00e9l\u00e9ments ext\u00e9rieurs.<\/p>\n<p class=\"p1\"><em>Cet article est une contribution libre r\u00e9dig\u00e9e par un auteur partenaire et non par la soci\u00e9t\u00e9 elle-m\u00eame.<\/em><\/p>\n<\/div>\n<\/div>\n<\/div>\n<\/div>\n","protected":false},"excerpt":{"rendered":"<p>La r\u00e9sille en b\u00e9ton, utilis\u00e9e pour des structures architecturales modernes ou pour des \u00e9l\u00e9ments d\u00e9coratifs, est souvent expos\u00e9e aux intemp\u00e9ries, y compris aux rayons UV du soleil.<\/p>\n","protected":false},"author":2,"featured_media":6262,"comment_status":"closed","ping_status":"closed","sticky":false,"template":"","format":"standard","meta":{"footnotes":""},"categories":[25],"tags":[],"class_list":["post-6237","post","type-post","status-publish","format-standard","has-post-thumbnail","hentry","category-divers"],"yoast_head":"<!-- This site is optimized with the Yoast SEO plugin v26.9 - https:\/\/yoast.com\/product\/yoast-seo-wordpress\/ -->\n<title>Comment prot\u00e9ger sa r\u00e9sille en b\u00e9ton du soleil ?<\/title>\n<meta name=\"robots\" content=\"index, follow, max-snippet:-1, max-image-preview:large, max-video-preview:-1\" \/>\n<link rel=\"canonical\" href=\"https:\/\/france-resille.com\/en\/comment-proteger-sa-resille-en-beton-du-soleil\/\" \/>\n<meta property=\"og:locale\" content=\"en_US\" \/>\n<meta property=\"og:type\" content=\"article\" \/>\n<meta property=\"og:title\" content=\"Comment prot\u00e9ger sa r\u00e9sille en b\u00e9ton du soleil ?\" \/>\n<meta property=\"og:description\" content=\"La r\u00e9sille en b\u00e9ton, utilis\u00e9e pour des structures architecturales modernes ou pour des \u00e9l\u00e9ments d\u00e9coratifs, est souvent expos\u00e9e aux intemp\u00e9ries, y compris aux rayons UV du soleil.\" \/>\n<meta property=\"og:url\" content=\"https:\/\/france-resille.com\/en\/comment-proteger-sa-resille-en-beton-du-soleil\/\" \/>\n<meta property=\"og:site_name\" content=\"France R\u00e9sille\" \/>\n<meta property=\"article:published_time\" content=\"2024-08-12T08:43:25+00:00\" \/>\n<meta property=\"article:modified_time\" content=\"2024-12-16T13:58:46+00:00\" \/>\n<meta property=\"og:image\" content=\"https:\/\/france-resille.com\/wp-content\/uploads\/2024\/08\/facade-urbaine-moderne-avec-resille-de-beton-unique.webp\" \/>\n\t<meta property=\"og:image:width\" content=\"1024\" \/>\n\t<meta property=\"og:image:height\" content=\"1024\" \/>\n\t<meta property=\"og:image:type\" content=\"image\/webp\" \/>\n<meta name=\"author\" content=\"Auteur1\" \/>\n<meta name=\"twitter:label1\" content=\"Written by\" \/>\n\t<meta name=\"twitter:data1\" content=\"Auteur1\" \/>\n\t<meta name=\"twitter:label2\" content=\"Est. reading time\" \/>\n\t<meta name=\"twitter:data2\" content=\"3 minutes\" \/>\n<script type=\"application\/ld+json\" class=\"yoast-schema-graph\">{\"@context\":\"https:\/\/schema.org\",\"@graph\":[{\"@type\":\"Article\",\"@id\":\"https:\/\/france-resille.com\/en\/comment-proteger-sa-resille-en-beton-du-soleil\/#article\",\"isPartOf\":{\"@id\":\"https:\/\/france-resille.com\/en\/comment-proteger-sa-resille-en-beton-du-soleil\/\"},\"author\":{\"name\":\"Auteur1\",\"@id\":\"https:\/\/france-resille.com\/en\/#\/schema\/person\/a0defa8635d5641180e9c552bb3ecf89\"},\"headline\":\"Comment prot\u00e9ger sa r\u00e9sille en b\u00e9ton du soleil ?\",\"datePublished\":\"2024-08-12T08:43:25+00:00\",\"dateModified\":\"2024-12-16T13:58:46+00:00\",\"mainEntityOfPage\":{\"@id\":\"https:\/\/france-resille.com\/en\/comment-proteger-sa-resille-en-beton-du-soleil\/\"},\"wordCount\":725,\"image\":{\"@id\":\"https:\/\/france-resille.com\/en\/comment-proteger-sa-resille-en-beton-du-soleil\/#primaryimage\"},\"thumbnailUrl\":\"https:\/\/france-resille.com\/wp-content\/uploads\/2024\/08\/facade-urbaine-moderne-avec-resille-de-beton-unique.webp\",\"articleSection\":[\"Divers\"],\"inLanguage\":\"en-US\"},{\"@type\":\"WebPage\",\"@id\":\"https:\/\/france-resille.com\/en\/comment-proteger-sa-resille-en-beton-du-soleil\/\",\"url\":\"https:\/\/france-resille.com\/en\/comment-proteger-sa-resille-en-beton-du-soleil\/\",\"name\":\"Comment prot\u00e9ger sa r\u00e9sille en b\u00e9ton du soleil ?\",\"isPartOf\":{\"@id\":\"https:\/\/france-resille.com\/en\/#website\"},\"primaryImageOfPage\":{\"@id\":\"https:\/\/france-resille.com\/en\/comment-proteger-sa-resille-en-beton-du-soleil\/#primaryimage\"},\"image\":{\"@id\":\"https:\/\/france-resille.com\/en\/comment-proteger-sa-resille-en-beton-du-soleil\/#primaryimage\"},\"thumbnailUrl\":\"https:\/\/france-resille.com\/wp-content\/uploads\/2024\/08\/facade-urbaine-moderne-avec-resille-de-beton-unique.webp\",\"datePublished\":\"2024-08-12T08:43:25+00:00\",\"dateModified\":\"2024-12-16T13:58:46+00:00\",\"author\":{\"@id\":\"https:\/\/france-resille.com\/en\/#\/schema\/person\/a0defa8635d5641180e9c552bb3ecf89\"},\"breadcrumb\":{\"@id\":\"https:\/\/france-resille.com\/en\/comment-proteger-sa-resille-en-beton-du-soleil\/#breadcrumb\"},\"inLanguage\":\"en-US\",\"potentialAction\":[{\"@type\":\"ReadAction\",\"target\":[\"https:\/\/france-resille.com\/en\/comment-proteger-sa-resille-en-beton-du-soleil\/\"]}]},{\"@type\":\"ImageObject\",\"inLanguage\":\"en-US\",\"@id\":\"https:\/\/france-resille.com\/en\/comment-proteger-sa-resille-en-beton-du-soleil\/#primaryimage\",\"url\":\"https:\/\/france-resille.com\/wp-content\/uploads\/2024\/08\/facade-urbaine-moderne-avec-resille-de-beton-unique.webp\",\"contentUrl\":\"https:\/\/france-resille.com\/wp-content\/uploads\/2024\/08\/facade-urbaine-moderne-avec-resille-de-beton-unique.webp\",\"width\":1024,\"height\":1024,\"caption\":\"Photographie r\u00e9aliste d'un b\u00e2timent moderne dans un environnement urbain, avec une fa\u00e7ade int\u00e9grant une r\u00e9sille de b\u00e9ton g\u00e9om\u00e9trique, alliant esth\u00e9tique et fonctionnalit\u00e9 pour la ventilation et la diffusion de la lumi\u00e8re\"},{\"@type\":\"BreadcrumbList\",\"@id\":\"https:\/\/france-resille.com\/en\/comment-proteger-sa-resille-en-beton-du-soleil\/#breadcrumb\",\"itemListElement\":[{\"@type\":\"ListItem\",\"position\":1,\"name\":\"Accueil\",\"item\":\"https:\/\/france-resille.com\/en\/home\/\"},{\"@type\":\"ListItem\",\"position\":2,\"name\":\"Comment prot\u00e9ger sa r\u00e9sille en b\u00e9ton du soleil ?\"}]},{\"@type\":\"WebSite\",\"@id\":\"https:\/\/france-resille.com\/en\/#website\",\"url\":\"https:\/\/france-resille.com\/en\/\",\"name\":\"France R\u00e9sille\",\"description\":\"R\u00e9alisation de grille, pare soleil, fa\u00e7ade \u00e0 partir de mat\u00e9riaux d\u00e9coup\u00e9s\",\"potentialAction\":[{\"@type\":\"SearchAction\",\"target\":{\"@type\":\"EntryPoint\",\"urlTemplate\":\"https:\/\/france-resille.com\/en\/?s={search_term_string}\"},\"query-input\":{\"@type\":\"PropertyValueSpecification\",\"valueRequired\":true,\"valueName\":\"search_term_string\"}}],\"inLanguage\":\"en-US\"},{\"@type\":\"Person\",\"@id\":\"https:\/\/france-resille.com\/en\/#\/schema\/person\/a0defa8635d5641180e9c552bb3ecf89\",\"name\":\"Auteur1\",\"image\":{\"@type\":\"ImageObject\",\"inLanguage\":\"en-US\",\"@id\":\"https:\/\/france-resille.com\/en\/#\/schema\/person\/image\/\",\"url\":\"https:\/\/secure.gravatar.com\/avatar\/0f87935fa444a38263f35aecd324d5c7126d26bbb4f0b3dfdc641da352df7828?s=96&d=mm&r=g\",\"contentUrl\":\"https:\/\/secure.gravatar.com\/avatar\/0f87935fa444a38263f35aecd324d5c7126d26bbb4f0b3dfdc641da352df7828?s=96&d=mm&r=g\",\"caption\":\"Auteur1\"}}]}<\/script>\n<!-- \/ Yoast SEO plugin. -->","yoast_head_json":{"title":"Comment prot\u00e9ger sa r\u00e9sille en b\u00e9ton du soleil ?","robots":{"index":"index","follow":"follow","max-snippet":"max-snippet:-1","max-image-preview":"max-image-preview:large","max-video-preview":"max-video-preview:-1"},"canonical":"https:\/\/france-resille.com\/en\/comment-proteger-sa-resille-en-beton-du-soleil\/","og_locale":"en_US","og_type":"article","og_title":"Comment prot\u00e9ger sa r\u00e9sille en b\u00e9ton du soleil ?","og_description":"La r\u00e9sille en b\u00e9ton, utilis\u00e9e pour des structures architecturales modernes ou pour des \u00e9l\u00e9ments d\u00e9coratifs, est souvent expos\u00e9e aux intemp\u00e9ries, y compris aux rayons UV du soleil.","og_url":"https:\/\/france-resille.com\/en\/comment-proteger-sa-resille-en-beton-du-soleil\/","og_site_name":"France R\u00e9sille","article_published_time":"2024-08-12T08:43:25+00:00","article_modified_time":"2024-12-16T13:58:46+00:00","og_image":[{"width":1024,"height":1024,"url":"https:\/\/france-resille.com\/wp-content\/uploads\/2024\/08\/facade-urbaine-moderne-avec-resille-de-beton-unique.webp","type":"image\/webp"}],"author":"Auteur1","twitter_misc":{"Written by":"Auteur1","Est. reading time":"3 minutes"},"schema":{"@context":"https:\/\/schema.org","@graph":[{"@type":"Article","@id":"https:\/\/france-resille.com\/en\/comment-proteger-sa-resille-en-beton-du-soleil\/#article","isPartOf":{"@id":"https:\/\/france-resille.com\/en\/comment-proteger-sa-resille-en-beton-du-soleil\/"},"author":{"name":"Auteur1","@id":"https:\/\/france-resille.com\/en\/#\/schema\/person\/a0defa8635d5641180e9c552bb3ecf89"},"headline":"Comment prot\u00e9ger sa r\u00e9sille en b\u00e9ton du soleil ?","datePublished":"2024-08-12T08:43:25+00:00","dateModified":"2024-12-16T13:58:46+00:00","mainEntityOfPage":{"@id":"https:\/\/france-resille.com\/en\/comment-proteger-sa-resille-en-beton-du-soleil\/"},"wordCount":725,"image":{"@id":"https:\/\/france-resille.com\/en\/comment-proteger-sa-resille-en-beton-du-soleil\/#primaryimage"},"thumbnailUrl":"https:\/\/france-resille.com\/wp-content\/uploads\/2024\/08\/facade-urbaine-moderne-avec-resille-de-beton-unique.webp","articleSection":["Divers"],"inLanguage":"en-US"},{"@type":"WebPage","@id":"https:\/\/france-resille.com\/en\/comment-proteger-sa-resille-en-beton-du-soleil\/","url":"https:\/\/france-resille.com\/en\/comment-proteger-sa-resille-en-beton-du-soleil\/","name":"Comment prot\u00e9ger sa r\u00e9sille en b\u00e9ton du soleil ?","isPartOf":{"@id":"https:\/\/france-resille.com\/en\/#website"},"primaryImageOfPage":{"@id":"https:\/\/france-resille.com\/en\/comment-proteger-sa-resille-en-beton-du-soleil\/#primaryimage"},"image":{"@id":"https:\/\/france-resille.com\/en\/comment-proteger-sa-resille-en-beton-du-soleil\/#primaryimage"},"thumbnailUrl":"https:\/\/france-resille.com\/wp-content\/uploads\/2024\/08\/facade-urbaine-moderne-avec-resille-de-beton-unique.webp","datePublished":"2024-08-12T08:43:25+00:00","dateModified":"2024-12-16T13:58:46+00:00","author":{"@id":"https:\/\/france-resille.com\/en\/#\/schema\/person\/a0defa8635d5641180e9c552bb3ecf89"},"breadcrumb":{"@id":"https:\/\/france-resille.com\/en\/comment-proteger-sa-resille-en-beton-du-soleil\/#breadcrumb"},"inLanguage":"en-US","potentialAction":[{"@type":"ReadAction","target":["https:\/\/france-resille.com\/en\/comment-proteger-sa-resille-en-beton-du-soleil\/"]}]},{"@type":"ImageObject","inLanguage":"en-US","@id":"https:\/\/france-resille.com\/en\/comment-proteger-sa-resille-en-beton-du-soleil\/#primaryimage","url":"https:\/\/france-resille.com\/wp-content\/uploads\/2024\/08\/facade-urbaine-moderne-avec-resille-de-beton-unique.webp","contentUrl":"https:\/\/france-resille.com\/wp-content\/uploads\/2024\/08\/facade-urbaine-moderne-avec-resille-de-beton-unique.webp","width":1024,"height":1024,"caption":"Photographie r\u00e9aliste d'un b\u00e2timent moderne dans un environnement urbain, avec une fa\u00e7ade int\u00e9grant une r\u00e9sille de b\u00e9ton g\u00e9om\u00e9trique, alliant esth\u00e9tique et fonctionnalit\u00e9 pour la ventilation et la diffusion de la lumi\u00e8re"},{"@type":"BreadcrumbList","@id":"https:\/\/france-resille.com\/en\/comment-proteger-sa-resille-en-beton-du-soleil\/#breadcrumb","itemListElement":[{"@type":"ListItem","position":1,"name":"Accueil","item":"https:\/\/france-resille.com\/en\/home\/"},{"@type":"ListItem","position":2,"name":"Comment prot\u00e9ger sa r\u00e9sille en b\u00e9ton du soleil ?"}]},{"@type":"WebSite","@id":"https:\/\/france-resille.com\/en\/#website","url":"https:\/\/france-resille.com\/en\/","name":"France R\u00e9sille","description":"R\u00e9alisation de grille, pare soleil, fa\u00e7ade \u00e0 partir de mat\u00e9riaux d\u00e9coup\u00e9s","potentialAction":[{"@type":"SearchAction","target":{"@type":"EntryPoint","urlTemplate":"https:\/\/france-resille.com\/en\/?s={search_term_string}"},"query-input":{"@type":"PropertyValueSpecification","valueRequired":true,"valueName":"search_term_string"}}],"inLanguage":"en-US"},{"@type":"Person","@id":"https:\/\/france-resille.com\/en\/#\/schema\/person\/a0defa8635d5641180e9c552bb3ecf89","name":"Auteur1","image":{"@type":"ImageObject","inLanguage":"en-US","@id":"https:\/\/france-resille.com\/en\/#\/schema\/person\/image\/","url":"https:\/\/secure.gravatar.com\/avatar\/0f87935fa444a38263f35aecd324d5c7126d26bbb4f0b3dfdc641da352df7828?s=96&d=mm&r=g","contentUrl":"https:\/\/secure.gravatar.com\/avatar\/0f87935fa444a38263f35aecd324d5c7126d26bbb4f0b3dfdc641da352df7828?s=96&d=mm&r=g","caption":"Auteur1"}}]}},"_links":{"self":[{"href":"https:\/\/france-resille.com\/en\/wp-json\/wp\/v2\/posts\/6237","targetHints":{"allow":["GET"]}}],"collection":[{"href":"https:\/\/france-resille.com\/en\/wp-json\/wp\/v2\/posts"}],"about":[{"href":"https:\/\/france-resille.com\/en\/wp-json\/wp\/v2\/types\/post"}],"author":[{"embeddable":true,"href":"https:\/\/france-resille.com\/en\/wp-json\/wp\/v2\/users\/2"}],"replies":[{"embeddable":true,"href":"https:\/\/france-resille.com\/en\/wp-json\/wp\/v2\/comments?post=6237"}],"version-history":[{"count":0,"href":"https:\/\/france-resille.com\/en\/wp-json\/wp\/v2\/posts\/6237\/revisions"}],"wp:featuredmedia":[{"embeddable":true,"href":"https:\/\/france-resille.com\/en\/wp-json\/wp\/v2\/media\/6262"}],"wp:attachment":[{"href":"https:\/\/france-resille.com\/en\/wp-json\/wp\/v2\/media?parent=6237"}],"wp:term":[{"taxonomy":"category","embeddable":true,"href":"https:\/\/france-resille.com\/en\/wp-json\/wp\/v2\/categories?post=6237"},{"taxonomy":"post_tag","embeddable":true,"href":"https:\/\/france-resille.com\/en\/wp-json\/wp\/v2\/tags?post=6237"}],"curies":[{"name":"wp","href":"https:\/\/api.w.org\/{rel}","templated":true}]}}