{"id":6174,"date":"2024-04-09T11:48:02","date_gmt":"2024-04-09T09:48:02","guid":{"rendered":"https:\/\/france-resille.com\/?p=6174"},"modified":"2024-04-09T11:48:02","modified_gmt":"2024-04-09T09:48:02","slug":"blois-groupe-idec","status":"publish","type":"post","link":"https:\/\/france-resille.com\/en\/blois-groupe-idec\/","title":{"rendered":"Habillage de fa\u00e7ade \u00e0 Blois pour le GROUPE IDEC"},"content":{"rendered":"\n\t\t<style type=\"text\/css\">\n\t\t\t#gallery-1 {\n\t\t\t\tmargin: auto;\n\t\t\t}\n\t\t\t#gallery-1 .gallery-item {\n\t\t\t\tfloat: left;\n\t\t\t\tmargin-top: 10px;\n\t\t\t\ttext-align: center;\n\t\t\t\twidth: 25%;\n\t\t\t}\n\t\t\t#gallery-1 img {\n\t\t\t\tborder: 2px solid #cfcfcf;\n\t\t\t}\n\t\t\t#gallery-1 .gallery-caption {\n\t\t\t\tmargin-left: 0;\n\t\t\t}\n\t\t\t\/* see gallery_shortcode() in wp-includes\/media.php *\/\n\t\t<\/style>\n\t\t<div id='gallery-1' class='gallery galleryid-6174 gallery-columns-4 gallery-size-portfolio'><dl class='gallery-item'>\n\t\t\t<dt class='gallery-icon landscape'>\n\t\t\t\t<a href='https:\/\/france-resille.com\/en\/idec_1_sd-2\/'><img loading=\"lazy\" decoding=\"async\" width=\"495\" height=\"400\" src=\"https:\/\/france-resille.com\/wp-content\/uploads\/2024\/04\/idec_1_sd-495x400.jpg\" class=\"attachment-portfolio size-portfolio\" alt=\"\" aria-describedby=\"gallery-1-6176\" srcset=\"https:\/\/france-resille.com\/wp-content\/uploads\/2024\/04\/idec_1_sd-495x400.jpg 495w, https:\/\/france-resille.com\/wp-content\/uploads\/2024\/04\/idec_1_sd-845x684.jpg 845w\" sizes=\"auto, (max-width: 495px) 100vw, 495px\" \/><\/a>\n\t\t\t<\/dt>\n\t\t\t\t<dd class='wp-caption-text gallery-caption' id='gallery-1-6176'>\n\t\t\t\tHabillage de fa\u00e7ade \u00e0 Blois &#8211; GROUPE IDEC\n\t\t\t\t<\/dd><\/dl><dl class='gallery-item'>\n\t\t\t<dt class='gallery-icon landscape'>\n\t\t\t\t<a href='https:\/\/france-resille.com\/en\/idec_2_sd-2\/'><img loading=\"lazy\" decoding=\"async\" width=\"495\" height=\"400\" src=\"https:\/\/france-resille.com\/wp-content\/uploads\/2024\/04\/idec_2_sd-495x400.jpg\" class=\"attachment-portfolio size-portfolio\" alt=\"\" aria-describedby=\"gallery-1-6178\" srcset=\"https:\/\/france-resille.com\/wp-content\/uploads\/2024\/04\/idec_2_sd-495x400.jpg 495w, https:\/\/france-resille.com\/wp-content\/uploads\/2024\/04\/idec_2_sd-845x684.jpg 845w\" sizes=\"auto, (max-width: 495px) 100vw, 495px\" \/><\/a>\n\t\t\t<\/dt>\n\t\t\t\t<dd class='wp-caption-text gallery-caption' id='gallery-1-6178'>\n\t\t\t\tHabillage de fa\u00e7ade \u00e0 Blois &#8211; GROUPE IDEC\n\t\t\t\t<\/dd><\/dl><dl class='gallery-item'>\n\t\t\t<dt class='gallery-icon landscape'>\n\t\t\t\t<a href='https:\/\/france-resille.com\/en\/idec_3_sd-2\/'><img loading=\"lazy\" decoding=\"async\" width=\"495\" height=\"400\" src=\"https:\/\/france-resille.com\/wp-content\/uploads\/2024\/04\/idec_3_sd-495x400.jpg\" class=\"attachment-portfolio size-portfolio\" alt=\"\" aria-describedby=\"gallery-1-6180\" srcset=\"https:\/\/france-resille.com\/wp-content\/uploads\/2024\/04\/idec_3_sd-495x400.jpg 495w, https:\/\/france-resille.com\/wp-content\/uploads\/2024\/04\/idec_3_sd-845x684.jpg 845w\" sizes=\"auto, (max-width: 495px) 100vw, 495px\" \/><\/a>\n\t\t\t<\/dt>\n\t\t\t\t<dd class='wp-caption-text gallery-caption' id='gallery-1-6180'>\n\t\t\t\tHabillage de fa\u00e7ade \u00e0 Blois &#8211; GROUPE IDEC\n\t\t\t\t<\/dd><\/dl><dl class='gallery-item'>\n\t\t\t<dt class='gallery-icon landscape'>\n\t\t\t\t<a href='https:\/\/france-resille.com\/en\/idec_4_sd-2\/'><img loading=\"lazy\" decoding=\"async\" width=\"495\" height=\"400\" src=\"https:\/\/france-resille.com\/wp-content\/uploads\/2024\/04\/idec_4_sd-495x400.jpg\" class=\"attachment-portfolio size-portfolio\" alt=\"\" aria-describedby=\"gallery-1-6182\" srcset=\"https:\/\/france-resille.com\/wp-content\/uploads\/2024\/04\/idec_4_sd-495x400.jpg 495w, https:\/\/france-resille.com\/wp-content\/uploads\/2024\/04\/idec_4_sd-845x684.jpg 845w\" sizes=\"auto, (max-width: 495px) 100vw, 495px\" \/><\/a>\n\t\t\t<\/dt>\n\t\t\t\t<dd class='wp-caption-text gallery-caption' id='gallery-1-6182'>\n\t\t\t\tHabillage de fa\u00e7ade \u00e0 Blois &#8211; GROUPE IDEC\n\t\t\t\t<\/dd><\/dl><br style=\"clear: both\" \/>\n\t\t<\/div>\n\n","protected":false},"excerpt":{"rendered":"","protected":false},"author":1,"featured_media":6175,"comment_status":"closed","ping_status":"closed","sticky":false,"template":"","format":"gallery","meta":{"footnotes":""},"categories":[12],"tags":[],"class_list":["post-6174","post","type-post","status-publish","format-gallery","has-post-thumbnail","hentry","category-chantiers","post_format-post-format-gallery"],"yoast_head":"<!-- This site is optimized with the Yoast SEO plugin v26.9 - https:\/\/yoast.com\/product\/yoast-seo-wordpress\/ -->\n<title>Habillage de fa\u00e7ade \u00e0 Blois pour le GROUPE IDEC<\/title>\n<meta name=\"robots\" content=\"index, follow, max-snippet:-1, max-image-preview:large, max-video-preview:-1\" \/>\n<link rel=\"canonical\" href=\"https:\/\/france-resille.com\/en\/blois-groupe-idec\/\" \/>\n<meta property=\"og:locale\" content=\"en_US\" \/>\n<meta property=\"og:type\" content=\"article\" \/>\n<meta property=\"og:title\" content=\"Habillage de fa\u00e7ade \u00e0 Blois pour le GROUPE IDEC\" \/>\n<meta property=\"og:url\" content=\"https:\/\/france-resille.com\/en\/blois-groupe-idec\/\" \/>\n<meta property=\"og:site_name\" content=\"France R\u00e9sille\" \/>\n<meta property=\"article:published_time\" content=\"2024-04-09T09:48:02+00:00\" \/>\n<meta property=\"og:image\" content=\"https:\/\/france-resille.com\/wp-content\/uploads\/2024\/04\/idec_1_sd.jpg\" \/>\n\t<meta property=\"og:image:width\" content=\"1920\" \/>\n\t<meta property=\"og:image:height\" content=\"1214\" \/>\n\t<meta property=\"og:image:type\" content=\"image\/jpeg\" \/>\n<meta name=\"author\" content=\"FranceRes\" \/>\n<meta name=\"twitter:label1\" content=\"Written by\" \/>\n\t<meta name=\"twitter:data1\" content=\"FranceRes\" \/>\n\t<meta name=\"twitter:label2\" content=\"Est. reading time\" \/>\n\t<meta name=\"twitter:data2\" content=\"1 minute\" \/>\n<script type=\"application\/ld+json\" class=\"yoast-schema-graph\">{\"@context\":\"https:\/\/schema.org\",\"@graph\":[{\"@type\":\"Article\",\"@id\":\"https:\/\/france-resille.com\/en\/blois-groupe-idec\/#article\",\"isPartOf\":{\"@id\":\"https:\/\/france-resille.com\/en\/blois-groupe-idec\/\"},\"author\":{\"name\":\"FranceRes\",\"@id\":\"https:\/\/france-resille.com\/en\/#\/schema\/person\/650fc2dc2d320c4484f60942efc8dc64\"},\"headline\":\"Habillage de fa\u00e7ade \u00e0 Blois pour le GROUPE IDEC\",\"datePublished\":\"2024-04-09T09:48:02+00:00\",\"mainEntityOfPage\":{\"@id\":\"https:\/\/france-resille.com\/en\/blois-groupe-idec\/\"},\"wordCount\":14,\"image\":{\"@id\":\"https:\/\/france-resille.com\/en\/blois-groupe-idec\/#primaryimage\"},\"thumbnailUrl\":\"https:\/\/france-resille.com\/wp-content\/uploads\/2024\/04\/idec_1_sd.jpg\",\"articleSection\":[\"Chantiers\"],\"inLanguage\":\"en-US\"},{\"@type\":\"WebPage\",\"@id\":\"https:\/\/france-resille.com\/en\/blois-groupe-idec\/\",\"url\":\"https:\/\/france-resille.com\/en\/blois-groupe-idec\/\",\"name\":\"Habillage de fa\u00e7ade \u00e0 Blois pour le GROUPE IDEC\",\"isPartOf\":{\"@id\":\"https:\/\/france-resille.com\/en\/#website\"},\"primaryImageOfPage\":{\"@id\":\"https:\/\/france-resille.com\/en\/blois-groupe-idec\/#primaryimage\"},\"image\":{\"@id\":\"https:\/\/france-resille.com\/en\/blois-groupe-idec\/#primaryimage\"},\"thumbnailUrl\":\"https:\/\/france-resille.com\/wp-content\/uploads\/2024\/04\/idec_1_sd.jpg\",\"datePublished\":\"2024-04-09T09:48:02+00:00\",\"author\":{\"@id\":\"https:\/\/france-resille.com\/en\/#\/schema\/person\/650fc2dc2d320c4484f60942efc8dc64\"},\"breadcrumb\":{\"@id\":\"https:\/\/france-resille.com\/en\/blois-groupe-idec\/#breadcrumb\"},\"inLanguage\":\"en-US\",\"potentialAction\":[{\"@type\":\"ReadAction\",\"target\":[\"https:\/\/france-resille.com\/en\/blois-groupe-idec\/\"]}]},{\"@type\":\"ImageObject\",\"inLanguage\":\"en-US\",\"@id\":\"https:\/\/france-resille.com\/en\/blois-groupe-idec\/#primaryimage\",\"url\":\"https:\/\/france-resille.com\/wp-content\/uploads\/2024\/04\/idec_1_sd.jpg\",\"contentUrl\":\"https:\/\/france-resille.com\/wp-content\/uploads\/2024\/04\/idec_1_sd.jpg\",\"width\":1920,\"height\":1214,\"caption\":\"Habillage de fa\u00e7ade \u00e0 Blois - GROUPE IDEC\"},{\"@type\":\"BreadcrumbList\",\"@id\":\"https:\/\/france-resille.com\/en\/blois-groupe-idec\/#breadcrumb\",\"itemListElement\":[{\"@type\":\"ListItem\",\"position\":1,\"name\":\"Accueil\",\"item\":\"https:\/\/france-resille.com\/en\/home\/\"},{\"@type\":\"ListItem\",\"position\":2,\"name\":\"Habillage de fa\u00e7ade \u00e0 Blois pour le GROUPE IDEC\"}]},{\"@type\":\"WebSite\",\"@id\":\"https:\/\/france-resille.com\/en\/#website\",\"url\":\"https:\/\/france-resille.com\/en\/\",\"name\":\"France R\u00e9sille\",\"description\":\"R\u00e9alisation de grille, pare soleil, fa\u00e7ade \u00e0 partir de mat\u00e9riaux d\u00e9coup\u00e9s\",\"potentialAction\":[{\"@type\":\"SearchAction\",\"target\":{\"@type\":\"EntryPoint\",\"urlTemplate\":\"https:\/\/france-resille.com\/en\/?s={search_term_string}\"},\"query-input\":{\"@type\":\"PropertyValueSpecification\",\"valueRequired\":true,\"valueName\":\"search_term_string\"}}],\"inLanguage\":\"en-US\"},{\"@type\":\"Person\",\"@id\":\"https:\/\/france-resille.com\/en\/#\/schema\/person\/650fc2dc2d320c4484f60942efc8dc64\",\"name\":\"FranceRes\",\"image\":{\"@type\":\"ImageObject\",\"inLanguage\":\"en-US\",\"@id\":\"https:\/\/france-resille.com\/en\/#\/schema\/person\/image\/\",\"url\":\"https:\/\/secure.gravatar.com\/avatar\/a7a6c9361ab3834aca1e880307804429f3a31ec5ff23d7120c8287a1b13e33e7?s=96&d=mm&r=g\",\"contentUrl\":\"https:\/\/secure.gravatar.com\/avatar\/a7a6c9361ab3834aca1e880307804429f3a31ec5ff23d7120c8287a1b13e33e7?s=96&d=mm&r=g\",\"caption\":\"FranceRes\"},\"sameAs\":[\"http:\/\/FranceRes\"]}]}<\/script>\n<!-- \/ Yoast SEO plugin. -->","yoast_head_json":{"title":"Habillage de fa\u00e7ade \u00e0 Blois pour le GROUPE IDEC","robots":{"index":"index","follow":"follow","max-snippet":"max-snippet:-1","max-image-preview":"max-image-preview:large","max-video-preview":"max-video-preview:-1"},"canonical":"https:\/\/france-resille.com\/en\/blois-groupe-idec\/","og_locale":"en_US","og_type":"article","og_title":"Habillage de fa\u00e7ade \u00e0 Blois pour le GROUPE IDEC","og_url":"https:\/\/france-resille.com\/en\/blois-groupe-idec\/","og_site_name":"France R\u00e9sille","article_published_time":"2024-04-09T09:48:02+00:00","og_image":[{"width":1920,"height":1214,"url":"https:\/\/france-resille.com\/wp-content\/uploads\/2024\/04\/idec_1_sd.jpg","type":"image\/jpeg"}],"author":"FranceRes","twitter_misc":{"Written by":"FranceRes","Est. reading time":"1 minute"},"schema":{"@context":"https:\/\/schema.org","@graph":[{"@type":"Article","@id":"https:\/\/france-resille.com\/en\/blois-groupe-idec\/#article","isPartOf":{"@id":"https:\/\/france-resille.com\/en\/blois-groupe-idec\/"},"author":{"name":"FranceRes","@id":"https:\/\/france-resille.com\/en\/#\/schema\/person\/650fc2dc2d320c4484f60942efc8dc64"},"headline":"Habillage de fa\u00e7ade \u00e0 Blois pour le GROUPE IDEC","datePublished":"2024-04-09T09:48:02+00:00","mainEntityOfPage":{"@id":"https:\/\/france-resille.com\/en\/blois-groupe-idec\/"},"wordCount":14,"image":{"@id":"https:\/\/france-resille.com\/en\/blois-groupe-idec\/#primaryimage"},"thumbnailUrl":"https:\/\/france-resille.com\/wp-content\/uploads\/2024\/04\/idec_1_sd.jpg","articleSection":["Chantiers"],"inLanguage":"en-US"},{"@type":"WebPage","@id":"https:\/\/france-resille.com\/en\/blois-groupe-idec\/","url":"https:\/\/france-resille.com\/en\/blois-groupe-idec\/","name":"Habillage de fa\u00e7ade \u00e0 Blois pour le GROUPE IDEC","isPartOf":{"@id":"https:\/\/france-resille.com\/en\/#website"},"primaryImageOfPage":{"@id":"https:\/\/france-resille.com\/en\/blois-groupe-idec\/#primaryimage"},"image":{"@id":"https:\/\/france-resille.com\/en\/blois-groupe-idec\/#primaryimage"},"thumbnailUrl":"https:\/\/france-resille.com\/wp-content\/uploads\/2024\/04\/idec_1_sd.jpg","datePublished":"2024-04-09T09:48:02+00:00","author":{"@id":"https:\/\/france-resille.com\/en\/#\/schema\/person\/650fc2dc2d320c4484f60942efc8dc64"},"breadcrumb":{"@id":"https:\/\/france-resille.com\/en\/blois-groupe-idec\/#breadcrumb"},"inLanguage":"en-US","potentialAction":[{"@type":"ReadAction","target":["https:\/\/france-resille.com\/en\/blois-groupe-idec\/"]}]},{"@type":"ImageObject","inLanguage":"en-US","@id":"https:\/\/france-resille.com\/en\/blois-groupe-idec\/#primaryimage","url":"https:\/\/france-resille.com\/wp-content\/uploads\/2024\/04\/idec_1_sd.jpg","contentUrl":"https:\/\/france-resille.com\/wp-content\/uploads\/2024\/04\/idec_1_sd.jpg","width":1920,"height":1214,"caption":"Habillage de fa\u00e7ade \u00e0 Blois - GROUPE IDEC"},{"@type":"BreadcrumbList","@id":"https:\/\/france-resille.com\/en\/blois-groupe-idec\/#breadcrumb","itemListElement":[{"@type":"ListItem","position":1,"name":"Accueil","item":"https:\/\/france-resille.com\/en\/home\/"},{"@type":"ListItem","position":2,"name":"Habillage de fa\u00e7ade \u00e0 Blois pour le GROUPE IDEC"}]},{"@type":"WebSite","@id":"https:\/\/france-resille.com\/en\/#website","url":"https:\/\/france-resille.com\/en\/","name":"France R\u00e9sille","description":"R\u00e9alisation de grille, pare soleil, fa\u00e7ade \u00e0 partir de mat\u00e9riaux d\u00e9coup\u00e9s","potentialAction":[{"@type":"SearchAction","target":{"@type":"EntryPoint","urlTemplate":"https:\/\/france-resille.com\/en\/?s={search_term_string}"},"query-input":{"@type":"PropertyValueSpecification","valueRequired":true,"valueName":"search_term_string"}}],"inLanguage":"en-US"},{"@type":"Person","@id":"https:\/\/france-resille.com\/en\/#\/schema\/person\/650fc2dc2d320c4484f60942efc8dc64","name":"FranceRes","image":{"@type":"ImageObject","inLanguage":"en-US","@id":"https:\/\/france-resille.com\/en\/#\/schema\/person\/image\/","url":"https:\/\/secure.gravatar.com\/avatar\/a7a6c9361ab3834aca1e880307804429f3a31ec5ff23d7120c8287a1b13e33e7?s=96&d=mm&r=g","contentUrl":"https:\/\/secure.gravatar.com\/avatar\/a7a6c9361ab3834aca1e880307804429f3a31ec5ff23d7120c8287a1b13e33e7?s=96&d=mm&r=g","caption":"FranceRes"},"sameAs":["http:\/\/FranceRes"]}]}},"_links":{"self":[{"href":"https:\/\/france-resille.com\/en\/wp-json\/wp\/v2\/posts\/6174","targetHints":{"allow":["GET"]}}],"collection":[{"href":"https:\/\/france-resille.com\/en\/wp-json\/wp\/v2\/posts"}],"about":[{"href":"https:\/\/france-resille.com\/en\/wp-json\/wp\/v2\/types\/post"}],"author":[{"embeddable":true,"href":"https:\/\/france-resille.com\/en\/wp-json\/wp\/v2\/users\/1"}],"replies":[{"embeddable":true,"href":"https:\/\/france-resille.com\/en\/wp-json\/wp\/v2\/comments?post=6174"}],"version-history":[{"count":0,"href":"https:\/\/france-resille.com\/en\/wp-json\/wp\/v2\/posts\/6174\/revisions"}],"wp:featuredmedia":[{"embeddable":true,"href":"https:\/\/france-resille.com\/en\/wp-json\/wp\/v2\/media\/6175"}],"wp:attachment":[{"href":"https:\/\/france-resille.com\/en\/wp-json\/wp\/v2\/media?parent=6174"}],"wp:term":[{"taxonomy":"category","embeddable":true,"href":"https:\/\/france-resille.com\/en\/wp-json\/wp\/v2\/categories?post=6174"},{"taxonomy":"post_tag","embeddable":true,"href":"https:\/\/france-resille.com\/en\/wp-json\/wp\/v2\/tags?post=6174"}],"curies":[{"name":"wp","href":"https:\/\/api.w.org\/{rel}","templated":true}]}}