{"id":6170,"date":"2024-04-08T15:44:31","date_gmt":"2024-04-08T13:44:31","guid":{"rendered":"https:\/\/france-resille.com\/?p=6170"},"modified":"2024-12-16T15:00:08","modified_gmt":"2024-12-16T14:00:08","slug":"comment-concevoir-sa-facade-en-resille-de-beton","status":"publish","type":"post","link":"https:\/\/france-resille.com\/en\/comment-concevoir-sa-facade-en-resille-de-beton\/","title":{"rendered":"Comment concevoir sa fa\u00e7ade en r\u00e9sille de b\u00e9ton ?"},"content":{"rendered":"<p>Assur\u00e9ment, la r\u00e9sille de b\u00e9ton est un \u00e9l\u00e9ment architectural polyvalent qui peut \u00eatre utilis\u00e9 pour cr\u00e9er des fa\u00e7ades d\u00e9coratives uniques et esth\u00e9tiquement attrayantes.<!--more--> Et celle-ci \u00e9tant de plus en plus pris\u00e9e, voici un<strong> guide \u00e9tape par \u00e9tape<\/strong> pour<strong> concevoir une fa\u00e7ade d\u00e9corative<\/strong> \u00e0 l&#8217;aide de la r\u00e9sille de b\u00e9ton.<\/p>\n<h2>Inspiration et conception<\/h2>\n<p>\u00c0 vrai dire, la premi\u00e8re \u00e9tape consiste \u00e0 <strong>trouver l&#8217;inspiration<\/strong> pour votre fa\u00e7ade d\u00e9corative. Parcourez des <strong>magazines d&#8217;architecture<\/strong>, des <strong>sites web sp\u00e9cialis\u00e9s<\/strong> ou m\u00eame observez des<strong> b\u00e2timents existants<\/strong> pour recueillir des id\u00e9es. Ensuite, commencez \u00e0 concevoir votre propre fa\u00e7ade en tenant compte de vos <strong>pr\u00e9f\u00e9rences<\/strong> esth\u00e9tiques, de l&#8217;<strong>emplacement<\/strong> du b\u00e2timent et des <strong>contraintes architecturales<\/strong>.<\/p>\n<h2>Choix du motif et du <em>design<\/em><\/h2>\n<p>Une fois que vous avez une id\u00e9e claire de ce que vous voulez, <strong>choisissez un motif et un <em>design<\/em><\/strong> pour votre r\u00e9sille de b\u00e9ton. Les<strong> possibilit\u00e9s sont infinies<\/strong>, des motifs g\u00e9om\u00e9triques modernes aux motifs organiques inspir\u00e9s de la nature. Assurez-vous que le motif choisi s&#8217;int\u00e8gre harmonieusement avec le style g\u00e9n\u00e9ral du b\u00e2timent.<\/p>\n<h2>S\u00e9lection des mat\u00e9riaux et des couleurs<\/h2>\n<p>Ensuite, s\u00e9lectionnez les <strong>mat\u00e9riaux<\/strong> et les <strong>couleurs<\/strong> pour votre r\u00e9sille de b\u00e9ton. Vous pouvez opter pour du<strong> b\u00e9ton pr\u00e9fabriqu\u00e9<\/strong>, qui offre une grande vari\u00e9t\u00e9 de textures et de finitions, ou choisir de couler votre propre r\u00e9sille sur place. En ce qui concerne les couleurs, vous pouvez opter pour des <strong>teintes naturelles<\/strong> qui se fondent avec l&#8217;environnement ou des <strong>couleurs vives<\/strong> pour cr\u00e9er un contraste plus saisissant.<\/p>\n<h2>Int\u00e9gration des fonctionnalit\u00e9s<\/h2>\n<p>De la m\u00eame fa\u00e7on, pensez \u00e0 int\u00e9grer des<strong> fonctionnalit\u00e9s utiles<\/strong> dans votre fa\u00e7ade d\u00e9corative, telles que des <strong>\u00e9clairages int\u00e9gr\u00e9s<\/strong>, des<strong> syst\u00e8mes de ventilation<\/strong> ou des<strong> espaces pour l&#8217;affichage d&#8217;\u0153uvres d&#8217;art<\/strong>. Cela dit, assurez-vous que ces \u00e9l\u00e9ments s&#8217;int\u00e8grent harmonieusement dans le design global de la r\u00e9sille de b\u00e9ton.<\/p>\n<h2>Collaboration avec des professionnels<\/h2>\n<p>Bien entendu, il est essentiel de travailler en collaboration avec des <strong>professionnels exp\u00e9riment\u00e9s<\/strong> tout au long du processus de conception et de construction de votre fa\u00e7ade d\u00e9corative. Engagez un <strong>architecte<\/strong> pour vous aider \u00e0 affiner votre vision et \u00e0 concevoir des plans d\u00e9taill\u00e9s, et consultez des <strong>ing\u00e9nieurs structurels<\/strong> pour vous assurer que la r\u00e9sille de b\u00e9ton est con\u00e7ue de mani\u00e8re s\u00fbre et conforme aux normes.<\/p>\n<h2>Fabrication et installation<\/h2>\n<p>Enfin, et une fois que tous les d\u00e9tails ont \u00e9t\u00e9 finalis\u00e9s, passez \u00e0 la fabrication et \u00e0 l&#8217;installation de la r\u00e9sille de b\u00e9ton. Si vous avez opt\u00e9 pour du <strong>b\u00e9ton pr\u00e9fabriqu\u00e9<\/strong>, la r\u00e9sille sera <strong>fabriqu\u00e9e en usine et install\u00e9e sur site<\/strong>. Si vous choisissez de <strong>couler la r\u00e9sille sur place<\/strong>, assurez-vous de faire appel \u00e0 des <strong>professionnels qualifi\u00e9s<\/strong> pour garantir un r\u00e9sultat optimal.<\/p>\n<p>Concevoir une fa\u00e7ade d\u00e9corative avec la r\u00e9sille de b\u00e9ton offre une<strong> multitude d&#8217;opportunit\u00e9s cr\u00e9atives<\/strong> pour transformer l&#8217;apparence d&#8217;un b\u00e2timent. En suivant ces \u00e9tapes, vous pouvez cr\u00e9er une fa\u00e7ade unique et esth\u00e9tiquement attrayante qui <strong>mettra en valeur votre projet architectural<\/strong> et attirera les regards admiratifs.<\/p>\n<p class=\"p1\"><em>Cet article est une contribution libre r\u00e9dig\u00e9e par un auteur partenaire et non par la soci\u00e9t\u00e9 elle-m\u00eame.<\/em><\/p>\n","protected":false},"excerpt":{"rendered":"<p>Assur\u00e9ment, la r\u00e9sille de b\u00e9ton est un \u00e9l\u00e9ment architectural polyvalent qui peut \u00eatre utilis\u00e9 pour cr\u00e9er des fa\u00e7ades d\u00e9coratives uniques et esth\u00e9tiquement attrayantes.<\/p>\n","protected":false},"author":2,"featured_media":6265,"comment_status":"closed","ping_status":"closed","sticky":false,"template":"","format":"standard","meta":{"footnotes":""},"categories":[25],"tags":[],"class_list":["post-6170","post","type-post","status-publish","format-standard","has-post-thumbnail","hentry","category-divers"],"yoast_head":"<!-- This site is optimized with the Yoast SEO plugin v26.9 - https:\/\/yoast.com\/product\/yoast-seo-wordpress\/ -->\n<title>Comment concevoir sa fa\u00e7ade en r\u00e9sille de b\u00e9ton ?<\/title>\n<meta name=\"robots\" content=\"index, follow, max-snippet:-1, max-image-preview:large, max-video-preview:-1\" \/>\n<link rel=\"canonical\" href=\"https:\/\/france-resille.com\/en\/comment-concevoir-sa-facade-en-resille-de-beton\/\" \/>\n<meta property=\"og:locale\" content=\"en_US\" \/>\n<meta property=\"og:type\" content=\"article\" \/>\n<meta property=\"og:title\" content=\"Comment concevoir sa fa\u00e7ade en r\u00e9sille de b\u00e9ton ?\" \/>\n<meta property=\"og:description\" content=\"Assur\u00e9ment, la r\u00e9sille de b\u00e9ton est un \u00e9l\u00e9ment architectural polyvalent qui peut \u00eatre utilis\u00e9 pour cr\u00e9er des fa\u00e7ades d\u00e9coratives uniques et esth\u00e9tiquement attrayantes.\" \/>\n<meta property=\"og:url\" content=\"https:\/\/france-resille.com\/en\/comment-concevoir-sa-facade-en-resille-de-beton\/\" \/>\n<meta property=\"og:site_name\" content=\"France R\u00e9sille\" \/>\n<meta property=\"article:published_time\" content=\"2024-04-08T13:44:31+00:00\" \/>\n<meta property=\"article:modified_time\" content=\"2024-12-16T14:00:08+00:00\" \/>\n<meta property=\"og:image\" content=\"https:\/\/france-resille.com\/wp-content\/uploads\/2024\/04\/batiment-contemporain-avec-resille-de-beton-aux-motifs-abstraits.webp\" \/>\n\t<meta property=\"og:image:width\" content=\"1024\" \/>\n\t<meta property=\"og:image:height\" content=\"1024\" \/>\n\t<meta property=\"og:image:type\" content=\"image\/webp\" \/>\n<meta name=\"author\" content=\"Auteur1\" \/>\n<meta name=\"twitter:label1\" content=\"Written by\" \/>\n\t<meta name=\"twitter:data1\" content=\"Auteur1\" \/>\n\t<meta name=\"twitter:label2\" content=\"Est. reading time\" \/>\n\t<meta name=\"twitter:data2\" content=\"3 minutes\" \/>\n<script type=\"application\/ld+json\" class=\"yoast-schema-graph\">{\"@context\":\"https:\/\/schema.org\",\"@graph\":[{\"@type\":\"Article\",\"@id\":\"https:\/\/france-resille.com\/en\/comment-concevoir-sa-facade-en-resille-de-beton\/#article\",\"isPartOf\":{\"@id\":\"https:\/\/france-resille.com\/en\/comment-concevoir-sa-facade-en-resille-de-beton\/\"},\"author\":{\"name\":\"Auteur1\",\"@id\":\"https:\/\/france-resille.com\/en\/#\/schema\/person\/a0defa8635d5641180e9c552bb3ecf89\"},\"headline\":\"Comment concevoir sa fa\u00e7ade en r\u00e9sille de b\u00e9ton ?\",\"datePublished\":\"2024-04-08T13:44:31+00:00\",\"dateModified\":\"2024-12-16T14:00:08+00:00\",\"mainEntityOfPage\":{\"@id\":\"https:\/\/france-resille.com\/en\/comment-concevoir-sa-facade-en-resille-de-beton\/\"},\"wordCount\":598,\"image\":{\"@id\":\"https:\/\/france-resille.com\/en\/comment-concevoir-sa-facade-en-resille-de-beton\/#primaryimage\"},\"thumbnailUrl\":\"https:\/\/france-resille.com\/wp-content\/uploads\/2024\/04\/batiment-contemporain-avec-resille-de-beton-aux-motifs-abstraits.webp\",\"articleSection\":[\"Divers\"],\"inLanguage\":\"en-US\"},{\"@type\":\"WebPage\",\"@id\":\"https:\/\/france-resille.com\/en\/comment-concevoir-sa-facade-en-resille-de-beton\/\",\"url\":\"https:\/\/france-resille.com\/en\/comment-concevoir-sa-facade-en-resille-de-beton\/\",\"name\":\"Comment concevoir sa fa\u00e7ade en r\u00e9sille de b\u00e9ton ?\",\"isPartOf\":{\"@id\":\"https:\/\/france-resille.com\/en\/#website\"},\"primaryImageOfPage\":{\"@id\":\"https:\/\/france-resille.com\/en\/comment-concevoir-sa-facade-en-resille-de-beton\/#primaryimage\"},\"image\":{\"@id\":\"https:\/\/france-resille.com\/en\/comment-concevoir-sa-facade-en-resille-de-beton\/#primaryimage\"},\"thumbnailUrl\":\"https:\/\/france-resille.com\/wp-content\/uploads\/2024\/04\/batiment-contemporain-avec-resille-de-beton-aux-motifs-abstraits.webp\",\"datePublished\":\"2024-04-08T13:44:31+00:00\",\"dateModified\":\"2024-12-16T14:00:08+00:00\",\"author\":{\"@id\":\"https:\/\/france-resille.com\/en\/#\/schema\/person\/a0defa8635d5641180e9c552bb3ecf89\"},\"breadcrumb\":{\"@id\":\"https:\/\/france-resille.com\/en\/comment-concevoir-sa-facade-en-resille-de-beton\/#breadcrumb\"},\"inLanguage\":\"en-US\",\"potentialAction\":[{\"@type\":\"ReadAction\",\"target\":[\"https:\/\/france-resille.com\/en\/comment-concevoir-sa-facade-en-resille-de-beton\/\"]}]},{\"@type\":\"ImageObject\",\"inLanguage\":\"en-US\",\"@id\":\"https:\/\/france-resille.com\/en\/comment-concevoir-sa-facade-en-resille-de-beton\/#primaryimage\",\"url\":\"https:\/\/france-resille.com\/wp-content\/uploads\/2024\/04\/batiment-contemporain-avec-resille-de-beton-aux-motifs-abstraits.webp\",\"contentUrl\":\"https:\/\/france-resille.com\/wp-content\/uploads\/2024\/04\/batiment-contemporain-avec-resille-de-beton-aux-motifs-abstraits.webp\",\"width\":1024,\"height\":1024,\"caption\":\"Photographie r\u00e9aliste d'un b\u00e2timent moderne int\u00e9grant une r\u00e9sille de b\u00e9ton aux motifs abstraits et fluides, combinant esth\u00e9tique et fonctionnalit\u00e9 dans un environnement urbain lumineux\"},{\"@type\":\"BreadcrumbList\",\"@id\":\"https:\/\/france-resille.com\/en\/comment-concevoir-sa-facade-en-resille-de-beton\/#breadcrumb\",\"itemListElement\":[{\"@type\":\"ListItem\",\"position\":1,\"name\":\"Accueil\",\"item\":\"https:\/\/france-resille.com\/en\/home\/\"},{\"@type\":\"ListItem\",\"position\":2,\"name\":\"Comment concevoir sa fa\u00e7ade en r\u00e9sille de b\u00e9ton ?\"}]},{\"@type\":\"WebSite\",\"@id\":\"https:\/\/france-resille.com\/en\/#website\",\"url\":\"https:\/\/france-resille.com\/en\/\",\"name\":\"France R\u00e9sille\",\"description\":\"R\u00e9alisation de grille, pare soleil, fa\u00e7ade \u00e0 partir de mat\u00e9riaux d\u00e9coup\u00e9s\",\"potentialAction\":[{\"@type\":\"SearchAction\",\"target\":{\"@type\":\"EntryPoint\",\"urlTemplate\":\"https:\/\/france-resille.com\/en\/?s={search_term_string}\"},\"query-input\":{\"@type\":\"PropertyValueSpecification\",\"valueRequired\":true,\"valueName\":\"search_term_string\"}}],\"inLanguage\":\"en-US\"},{\"@type\":\"Person\",\"@id\":\"https:\/\/france-resille.com\/en\/#\/schema\/person\/a0defa8635d5641180e9c552bb3ecf89\",\"name\":\"Auteur1\",\"image\":{\"@type\":\"ImageObject\",\"inLanguage\":\"en-US\",\"@id\":\"https:\/\/france-resille.com\/en\/#\/schema\/person\/image\/\",\"url\":\"https:\/\/secure.gravatar.com\/avatar\/0f87935fa444a38263f35aecd324d5c7126d26bbb4f0b3dfdc641da352df7828?s=96&d=mm&r=g\",\"contentUrl\":\"https:\/\/secure.gravatar.com\/avatar\/0f87935fa444a38263f35aecd324d5c7126d26bbb4f0b3dfdc641da352df7828?s=96&d=mm&r=g\",\"caption\":\"Auteur1\"}}]}<\/script>\n<!-- \/ Yoast SEO plugin. -->","yoast_head_json":{"title":"Comment concevoir sa fa\u00e7ade en r\u00e9sille de b\u00e9ton ?","robots":{"index":"index","follow":"follow","max-snippet":"max-snippet:-1","max-image-preview":"max-image-preview:large","max-video-preview":"max-video-preview:-1"},"canonical":"https:\/\/france-resille.com\/en\/comment-concevoir-sa-facade-en-resille-de-beton\/","og_locale":"en_US","og_type":"article","og_title":"Comment concevoir sa fa\u00e7ade en r\u00e9sille de b\u00e9ton ?","og_description":"Assur\u00e9ment, la r\u00e9sille de b\u00e9ton est un \u00e9l\u00e9ment architectural polyvalent qui peut \u00eatre utilis\u00e9 pour cr\u00e9er des fa\u00e7ades d\u00e9coratives uniques et esth\u00e9tiquement attrayantes.","og_url":"https:\/\/france-resille.com\/en\/comment-concevoir-sa-facade-en-resille-de-beton\/","og_site_name":"France R\u00e9sille","article_published_time":"2024-04-08T13:44:31+00:00","article_modified_time":"2024-12-16T14:00:08+00:00","og_image":[{"width":1024,"height":1024,"url":"https:\/\/france-resille.com\/wp-content\/uploads\/2024\/04\/batiment-contemporain-avec-resille-de-beton-aux-motifs-abstraits.webp","type":"image\/webp"}],"author":"Auteur1","twitter_misc":{"Written by":"Auteur1","Est. reading time":"3 minutes"},"schema":{"@context":"https:\/\/schema.org","@graph":[{"@type":"Article","@id":"https:\/\/france-resille.com\/en\/comment-concevoir-sa-facade-en-resille-de-beton\/#article","isPartOf":{"@id":"https:\/\/france-resille.com\/en\/comment-concevoir-sa-facade-en-resille-de-beton\/"},"author":{"name":"Auteur1","@id":"https:\/\/france-resille.com\/en\/#\/schema\/person\/a0defa8635d5641180e9c552bb3ecf89"},"headline":"Comment concevoir sa fa\u00e7ade en r\u00e9sille de b\u00e9ton ?","datePublished":"2024-04-08T13:44:31+00:00","dateModified":"2024-12-16T14:00:08+00:00","mainEntityOfPage":{"@id":"https:\/\/france-resille.com\/en\/comment-concevoir-sa-facade-en-resille-de-beton\/"},"wordCount":598,"image":{"@id":"https:\/\/france-resille.com\/en\/comment-concevoir-sa-facade-en-resille-de-beton\/#primaryimage"},"thumbnailUrl":"https:\/\/france-resille.com\/wp-content\/uploads\/2024\/04\/batiment-contemporain-avec-resille-de-beton-aux-motifs-abstraits.webp","articleSection":["Divers"],"inLanguage":"en-US"},{"@type":"WebPage","@id":"https:\/\/france-resille.com\/en\/comment-concevoir-sa-facade-en-resille-de-beton\/","url":"https:\/\/france-resille.com\/en\/comment-concevoir-sa-facade-en-resille-de-beton\/","name":"Comment concevoir sa fa\u00e7ade en r\u00e9sille de b\u00e9ton ?","isPartOf":{"@id":"https:\/\/france-resille.com\/en\/#website"},"primaryImageOfPage":{"@id":"https:\/\/france-resille.com\/en\/comment-concevoir-sa-facade-en-resille-de-beton\/#primaryimage"},"image":{"@id":"https:\/\/france-resille.com\/en\/comment-concevoir-sa-facade-en-resille-de-beton\/#primaryimage"},"thumbnailUrl":"https:\/\/france-resille.com\/wp-content\/uploads\/2024\/04\/batiment-contemporain-avec-resille-de-beton-aux-motifs-abstraits.webp","datePublished":"2024-04-08T13:44:31+00:00","dateModified":"2024-12-16T14:00:08+00:00","author":{"@id":"https:\/\/france-resille.com\/en\/#\/schema\/person\/a0defa8635d5641180e9c552bb3ecf89"},"breadcrumb":{"@id":"https:\/\/france-resille.com\/en\/comment-concevoir-sa-facade-en-resille-de-beton\/#breadcrumb"},"inLanguage":"en-US","potentialAction":[{"@type":"ReadAction","target":["https:\/\/france-resille.com\/en\/comment-concevoir-sa-facade-en-resille-de-beton\/"]}]},{"@type":"ImageObject","inLanguage":"en-US","@id":"https:\/\/france-resille.com\/en\/comment-concevoir-sa-facade-en-resille-de-beton\/#primaryimage","url":"https:\/\/france-resille.com\/wp-content\/uploads\/2024\/04\/batiment-contemporain-avec-resille-de-beton-aux-motifs-abstraits.webp","contentUrl":"https:\/\/france-resille.com\/wp-content\/uploads\/2024\/04\/batiment-contemporain-avec-resille-de-beton-aux-motifs-abstraits.webp","width":1024,"height":1024,"caption":"Photographie r\u00e9aliste d'un b\u00e2timent moderne int\u00e9grant une r\u00e9sille de b\u00e9ton aux motifs abstraits et fluides, combinant esth\u00e9tique et fonctionnalit\u00e9 dans un environnement urbain lumineux"},{"@type":"BreadcrumbList","@id":"https:\/\/france-resille.com\/en\/comment-concevoir-sa-facade-en-resille-de-beton\/#breadcrumb","itemListElement":[{"@type":"ListItem","position":1,"name":"Accueil","item":"https:\/\/france-resille.com\/en\/home\/"},{"@type":"ListItem","position":2,"name":"Comment concevoir sa fa\u00e7ade en r\u00e9sille de b\u00e9ton ?"}]},{"@type":"WebSite","@id":"https:\/\/france-resille.com\/en\/#website","url":"https:\/\/france-resille.com\/en\/","name":"France R\u00e9sille","description":"R\u00e9alisation de grille, pare soleil, fa\u00e7ade \u00e0 partir de mat\u00e9riaux d\u00e9coup\u00e9s","potentialAction":[{"@type":"SearchAction","target":{"@type":"EntryPoint","urlTemplate":"https:\/\/france-resille.com\/en\/?s={search_term_string}"},"query-input":{"@type":"PropertyValueSpecification","valueRequired":true,"valueName":"search_term_string"}}],"inLanguage":"en-US"},{"@type":"Person","@id":"https:\/\/france-resille.com\/en\/#\/schema\/person\/a0defa8635d5641180e9c552bb3ecf89","name":"Auteur1","image":{"@type":"ImageObject","inLanguage":"en-US","@id":"https:\/\/france-resille.com\/en\/#\/schema\/person\/image\/","url":"https:\/\/secure.gravatar.com\/avatar\/0f87935fa444a38263f35aecd324d5c7126d26bbb4f0b3dfdc641da352df7828?s=96&d=mm&r=g","contentUrl":"https:\/\/secure.gravatar.com\/avatar\/0f87935fa444a38263f35aecd324d5c7126d26bbb4f0b3dfdc641da352df7828?s=96&d=mm&r=g","caption":"Auteur1"}}]}},"_links":{"self":[{"href":"https:\/\/france-resille.com\/en\/wp-json\/wp\/v2\/posts\/6170","targetHints":{"allow":["GET"]}}],"collection":[{"href":"https:\/\/france-resille.com\/en\/wp-json\/wp\/v2\/posts"}],"about":[{"href":"https:\/\/france-resille.com\/en\/wp-json\/wp\/v2\/types\/post"}],"author":[{"embeddable":true,"href":"https:\/\/france-resille.com\/en\/wp-json\/wp\/v2\/users\/2"}],"replies":[{"embeddable":true,"href":"https:\/\/france-resille.com\/en\/wp-json\/wp\/v2\/comments?post=6170"}],"version-history":[{"count":0,"href":"https:\/\/france-resille.com\/en\/wp-json\/wp\/v2\/posts\/6170\/revisions"}],"wp:featuredmedia":[{"embeddable":true,"href":"https:\/\/france-resille.com\/en\/wp-json\/wp\/v2\/media\/6265"}],"wp:attachment":[{"href":"https:\/\/france-resille.com\/en\/wp-json\/wp\/v2\/media?parent=6170"}],"wp:term":[{"taxonomy":"category","embeddable":true,"href":"https:\/\/france-resille.com\/en\/wp-json\/wp\/v2\/categories?post=6170"},{"taxonomy":"post_tag","embeddable":true,"href":"https:\/\/france-resille.com\/en\/wp-json\/wp\/v2\/tags?post=6170"}],"curies":[{"name":"wp","href":"https:\/\/api.w.org\/{rel}","templated":true}]}}