{"id":6161,"date":"2024-01-17T14:26:36","date_gmt":"2024-01-17T13:26:36","guid":{"rendered":"https:\/\/france-resille.com\/?p=6161"},"modified":"2024-12-16T15:01:54","modified_gmt":"2024-12-16T14:01:54","slug":"lhistoire-de-la-resille-de-beton","status":"publish","type":"post","link":"https:\/\/france-resille.com\/en\/lhistoire-de-la-resille-de-beton\/","title":{"rendered":"L&#8217;histoire de la r\u00e9sille de b\u00e9ton"},"content":{"rendered":"<div class=\"w-full text-token-text-primary\" data-testid=\"conversation-turn-2\">\n<div class=\"px-4 py-2 justify-center text-base md:gap-6 m-auto\">\n<div class=\"flex flex-1 text-base mx-auto gap-3 md:px-5 lg:px-1 xl:px-5 md:max-w-3xl lg:max-w-[40rem] xl:max-w-[48rem] group\">\n<div class=\"flex-shrink-0 flex flex-col relative items-end\">\n<div>\n<div class=\"pt-0.5\">\n<div class=\"gizmo-shadow-stroke flex h-6 w-6 items-center justify-center overflow-hidden rounded-full\">\n<div class=\"relative flex\">La r\u00e9sille de b\u00e9ton, \u00e9galement connue sous le nom de b\u00e9ton ajour\u00e9, est une technique architecturale qui consiste \u00e0 incorporer des motifs ou des formes ajour\u00e9es dans des \u00e9l\u00e9ments en b\u00e9ton, cr\u00e9ant ainsi un m\u00e9lange unique de structure solide et de transparence.<!--more--><\/div>\n<div class=\"relative flex\">Cette technique a une histoire riche qui remonte \u00e0 plusieurs si\u00e8cles et a \u00e9volu\u00e9 pour devenir un <strong>\u00e9l\u00e9ment cl\u00e9 de l&#8217;architecture moderne<\/strong>. Dans cet article, nous allons explorer l&#8217;<strong>histoire fascinante<\/strong> de la r\u00e9sille de b\u00e9ton.<\/div>\n<\/div>\n<\/div>\n<\/div>\n<\/div>\n<\/div>\n<\/div>\n<\/div>\n<p>&nbsp;<\/p>\n<div class=\"w-full text-token-text-primary\" data-testid=\"conversation-turn-51\">\n<div class=\"px-4 py-2 justify-center text-base md:gap-6 m-auto\">\n<div class=\"flex flex-1 text-base mx-auto gap-3 md:px-5 lg:px-1 xl:px-5 md:max-w-3xl lg:max-w-[40rem] xl:max-w-[48rem] group final-completion\">\n<div class=\"relative flex w-full flex-col lg:w-[calc(100%-115px)] agent-turn\">\n<div class=\"flex-col gap-1 md:gap-3\">\n<div class=\"flex flex-grow flex-col max-w-full\">\n<div class=\"min-h-[20px] text-message flex flex-col items-start gap-3 whitespace-pre-wrap break-words [.text-message+&amp;]:mt-5 overflow-x-auto\" data-message-author-role=\"assistant\" data-message-id=\"7d9acf83-fa94-4cc8-be25-244a41ad7826\">\n<div class=\"markdown prose w-full break-words dark:prose-invert light\">\n<h2>Les d\u00e9buts de la r\u00e9sille de b\u00e9ton<\/h2>\n<p>Saviez-vous que les origines de la r\u00e9sille de b\u00e9ton pouvaient \u00eatre retrac\u00e9es jusqu&#8217;\u00e0 <strong>l&#8217;architecture islamique<\/strong> <strong>et mauresque<\/strong> du Moyen \u00c2ge ? Les artisans de cette \u00e9poque utilisaient des techniques de sculpture et de d\u00e9coupe complexes pour cr\u00e9er des <strong>motifs ajour\u00e9s dans le pl\u00e2tre et la pierre<\/strong>. Ces motifs g\u00e9om\u00e9triques et floraux \u00e9taient g\u00e9n\u00e9ralement utilis\u00e9s pour orner les murs, les fen\u00eatres et les portes des b\u00e2timents religieux et des palais.<\/p>\n<h2>L&#8217;influence de l&#8217;Art Nouveau<\/h2>\n<p>Cependant, au tournant du 20e si\u00e8cle, <strong>l&#8217;Art Nouveau<\/strong> a apport\u00e9 une nouvelle dimension \u00e0 la r\u00e9sille de b\u00e9ton. Les architectes et les artistes de cette \u00e9poque ont embrass\u00e9 la technique de la r\u00e9sille de b\u00e9ton pour cr\u00e9er des <strong>fa\u00e7ades complexes et d\u00e9coratives<\/strong>. Les motifs organiques, les courbes \u00e9l\u00e9gantes et les formes florales \u00e9taient couramment utilis\u00e9s pour embellir les b\u00e2timents Art Nouveau.<\/p>\n<h2>L&#8217;av\u00e8nement de l&#8217;architecture moderne<\/h2>\n<p>L&#8217;architecture moderne (d\u00e8s le 20e si\u00e8cle) a quant \u00e0 elle vu l&#8217;utilisation croissante de la r\u00e9sille de b\u00e9ton dans la construction. Les architectes modernistes comme<strong> Le Corbusier<\/strong> et <strong>Auguste Perret<\/strong> ont int\u00e9gr\u00e9 la r\u00e9sille de b\u00e9ton dans leurs conceptions pour <strong>cr\u00e9er des b\u00e2timents embl\u00e9matiques<\/strong>. En effet, cette technique a permis de <strong>combiner esth\u00e9tique et fonctionnalit\u00e9<\/strong>, en offrant une structure solide tout en <strong>permettant la lumi\u00e8re naturelle et la ventilation<\/strong>.<\/p>\n<h2>La r\u00e9sille de b\u00e9ton comme oeuvre d&#8217;art<\/h2>\n<p>Dans la <strong>seconde moiti\u00e9 du 20e si\u00e8cle<\/strong>, la r\u00e9sille de b\u00e9ton a \u00e9volu\u00e9 pour devenir une forme d&#8217;<strong>expression artistique<\/strong> \u00e0 part enti\u00e8re. Les artistes et les architectes contemporains ont repouss\u00e9 les limites de la r\u00e9sille de b\u00e9ton, cr\u00e9ant des \u0153uvres d&#8217;art architecturales audacieuses et innovantes. Des structures embl\u00e9matiques comme<strong> la Fondation Louis Vuitton \u00e0 Paris<\/strong> ou le <strong>Mus\u00e9e d&#8217;Art Islamique de Doha<\/strong> illustrent l&#8217;<strong>impact cr\u00e9atif<\/strong> de la r\u00e9sille de b\u00e9ton.<\/p>\n<p>Ainsi, la r\u00e9sille de b\u00e9ton est une <strong>technique architecturale fascinante<\/strong> qui a une<strong> histoire riche et diversifi\u00e9e<\/strong>. De ses d\u00e9buts modestes dans l&#8217;architecture islamique aux chefs-d&#8217;\u0153uvre modernes et contemporains, elle a \u00e9volu\u00e9 pour devenir un <strong>\u00e9l\u00e9ment essentiel de l&#8217;architecture et de l&#8217;art<\/strong>. Cette combinaison unique de solidit\u00e9 structurelle et de beaut\u00e9 artistique continue d&#8217;inspirer les architectes, les artistes et les amateurs de design du monde entier.<\/p>\n<p class=\"p1\"><em>Cet article est une contribution libre r\u00e9dig\u00e9e par un auteur partenaire et non par la soci\u00e9t\u00e9 elle-m\u00eame.<\/em><\/p>\n<\/div>\n<\/div>\n<\/div>\n<\/div>\n<\/div>\n<\/div>\n<\/div>\n<\/div>\n","protected":false},"excerpt":{"rendered":"<p>La r\u00e9sille de b\u00e9ton, \u00e9galement connue sous le nom de b\u00e9ton ajour\u00e9, est une technique architecturale qui consiste \u00e0 incorporer des motifs ou des formes ajour\u00e9es dans des \u00e9l\u00e9ments en b\u00e9ton, cr\u00e9ant ainsi un m\u00e9lange unique de structure solide et de transparence.<\/p>\n","protected":false},"author":2,"featured_media":6267,"comment_status":"closed","ping_status":"closed","sticky":false,"template":"","format":"standard","meta":{"footnotes":""},"categories":[25],"tags":[],"class_list":["post-6161","post","type-post","status-publish","format-standard","has-post-thumbnail","hentry","category-divers"],"yoast_head":"<!-- This site is optimized with the Yoast SEO plugin v26.9 - https:\/\/yoast.com\/product\/yoast-seo-wordpress\/ -->\n<title>L&#039;histoire de la r\u00e9sille de b\u00e9ton<\/title>\n<meta name=\"robots\" content=\"index, follow, max-snippet:-1, max-image-preview:large, max-video-preview:-1\" \/>\n<link rel=\"canonical\" href=\"https:\/\/france-resille.com\/en\/lhistoire-de-la-resille-de-beton\/\" \/>\n<meta property=\"og:locale\" content=\"en_US\" \/>\n<meta property=\"og:type\" content=\"article\" \/>\n<meta property=\"og:title\" content=\"L&#039;histoire de la r\u00e9sille de b\u00e9ton\" \/>\n<meta property=\"og:description\" content=\"La r\u00e9sille de b\u00e9ton, \u00e9galement connue sous le nom de b\u00e9ton ajour\u00e9, est une technique architecturale qui consiste \u00e0 incorporer des motifs ou des formes ajour\u00e9es dans des \u00e9l\u00e9ments en b\u00e9ton, cr\u00e9ant ainsi un m\u00e9lange unique de structure solide et de transparence.\" \/>\n<meta property=\"og:url\" content=\"https:\/\/france-resille.com\/en\/lhistoire-de-la-resille-de-beton\/\" \/>\n<meta property=\"og:site_name\" content=\"France R\u00e9sille\" \/>\n<meta property=\"article:published_time\" content=\"2024-01-17T13:26:36+00:00\" \/>\n<meta property=\"article:modified_time\" content=\"2024-12-16T14:01:54+00:00\" \/>\n<meta property=\"og:image\" content=\"https:\/\/france-resille.com\/wp-content\/uploads\/2024\/01\/facade-moderne-avec-resille-de-beton-bleue.webp\" \/>\n\t<meta property=\"og:image:width\" content=\"1024\" \/>\n\t<meta property=\"og:image:height\" content=\"1024\" \/>\n\t<meta property=\"og:image:type\" content=\"image\/webp\" \/>\n<meta name=\"author\" content=\"Auteur1\" \/>\n<meta name=\"twitter:label1\" content=\"Written by\" \/>\n\t<meta name=\"twitter:data1\" content=\"Auteur1\" \/>\n\t<meta name=\"twitter:label2\" content=\"Est. reading time\" \/>\n\t<meta name=\"twitter:data2\" content=\"3 minutes\" \/>\n<script type=\"application\/ld+json\" class=\"yoast-schema-graph\">{\"@context\":\"https:\/\/schema.org\",\"@graph\":[{\"@type\":\"Article\",\"@id\":\"https:\/\/france-resille.com\/en\/lhistoire-de-la-resille-de-beton\/#article\",\"isPartOf\":{\"@id\":\"https:\/\/france-resille.com\/en\/lhistoire-de-la-resille-de-beton\/\"},\"author\":{\"name\":\"Auteur1\",\"@id\":\"https:\/\/france-resille.com\/en\/#\/schema\/person\/a0defa8635d5641180e9c552bb3ecf89\"},\"headline\":\"L&#8217;histoire de la r\u00e9sille de b\u00e9ton\",\"datePublished\":\"2024-01-17T13:26:36+00:00\",\"dateModified\":\"2024-12-16T14:01:54+00:00\",\"mainEntityOfPage\":{\"@id\":\"https:\/\/france-resille.com\/en\/lhistoire-de-la-resille-de-beton\/\"},\"wordCount\":550,\"image\":{\"@id\":\"https:\/\/france-resille.com\/en\/lhistoire-de-la-resille-de-beton\/#primaryimage\"},\"thumbnailUrl\":\"https:\/\/france-resille.com\/wp-content\/uploads\/2024\/01\/facade-moderne-avec-resille-de-beton-bleue.webp\",\"articleSection\":[\"Divers\"],\"inLanguage\":\"en-US\"},{\"@type\":\"WebPage\",\"@id\":\"https:\/\/france-resille.com\/en\/lhistoire-de-la-resille-de-beton\/\",\"url\":\"https:\/\/france-resille.com\/en\/lhistoire-de-la-resille-de-beton\/\",\"name\":\"L'histoire de la r\u00e9sille de b\u00e9ton\",\"isPartOf\":{\"@id\":\"https:\/\/france-resille.com\/en\/#website\"},\"primaryImageOfPage\":{\"@id\":\"https:\/\/france-resille.com\/en\/lhistoire-de-la-resille-de-beton\/#primaryimage\"},\"image\":{\"@id\":\"https:\/\/france-resille.com\/en\/lhistoire-de-la-resille-de-beton\/#primaryimage\"},\"thumbnailUrl\":\"https:\/\/france-resille.com\/wp-content\/uploads\/2024\/01\/facade-moderne-avec-resille-de-beton-bleue.webp\",\"datePublished\":\"2024-01-17T13:26:36+00:00\",\"dateModified\":\"2024-12-16T14:01:54+00:00\",\"author\":{\"@id\":\"https:\/\/france-resille.com\/en\/#\/schema\/person\/a0defa8635d5641180e9c552bb3ecf89\"},\"breadcrumb\":{\"@id\":\"https:\/\/france-resille.com\/en\/lhistoire-de-la-resille-de-beton\/#breadcrumb\"},\"inLanguage\":\"en-US\",\"potentialAction\":[{\"@type\":\"ReadAction\",\"target\":[\"https:\/\/france-resille.com\/en\/lhistoire-de-la-resille-de-beton\/\"]}]},{\"@type\":\"ImageObject\",\"inLanguage\":\"en-US\",\"@id\":\"https:\/\/france-resille.com\/en\/lhistoire-de-la-resille-de-beton\/#primaryimage\",\"url\":\"https:\/\/france-resille.com\/wp-content\/uploads\/2024\/01\/facade-moderne-avec-resille-de-beton-bleue.webp\",\"contentUrl\":\"https:\/\/france-resille.com\/wp-content\/uploads\/2024\/01\/facade-moderne-avec-resille-de-beton-bleue.webp\",\"width\":1024,\"height\":1024,\"caption\":\"Photographie r\u00e9aliste d'un b\u00e2timent moderne avec une r\u00e9sille de b\u00e9ton bleue aux motifs abstraits, dans un cadre urbain avec une lumi\u00e8re naturelle accentuant la texture et la couleur vibrante du mat\u00e9riau.\\\" Souhaitez-vous d'autres variations ?\"},{\"@type\":\"BreadcrumbList\",\"@id\":\"https:\/\/france-resille.com\/en\/lhistoire-de-la-resille-de-beton\/#breadcrumb\",\"itemListElement\":[{\"@type\":\"ListItem\",\"position\":1,\"name\":\"Accueil\",\"item\":\"https:\/\/france-resille.com\/en\/home\/\"},{\"@type\":\"ListItem\",\"position\":2,\"name\":\"L&#8217;histoire de la r\u00e9sille de b\u00e9ton\"}]},{\"@type\":\"WebSite\",\"@id\":\"https:\/\/france-resille.com\/en\/#website\",\"url\":\"https:\/\/france-resille.com\/en\/\",\"name\":\"France R\u00e9sille\",\"description\":\"R\u00e9alisation de grille, pare soleil, fa\u00e7ade \u00e0 partir de mat\u00e9riaux d\u00e9coup\u00e9s\",\"potentialAction\":[{\"@type\":\"SearchAction\",\"target\":{\"@type\":\"EntryPoint\",\"urlTemplate\":\"https:\/\/france-resille.com\/en\/?s={search_term_string}\"},\"query-input\":{\"@type\":\"PropertyValueSpecification\",\"valueRequired\":true,\"valueName\":\"search_term_string\"}}],\"inLanguage\":\"en-US\"},{\"@type\":\"Person\",\"@id\":\"https:\/\/france-resille.com\/en\/#\/schema\/person\/a0defa8635d5641180e9c552bb3ecf89\",\"name\":\"Auteur1\",\"image\":{\"@type\":\"ImageObject\",\"inLanguage\":\"en-US\",\"@id\":\"https:\/\/france-resille.com\/en\/#\/schema\/person\/image\/\",\"url\":\"https:\/\/secure.gravatar.com\/avatar\/0f87935fa444a38263f35aecd324d5c7126d26bbb4f0b3dfdc641da352df7828?s=96&d=mm&r=g\",\"contentUrl\":\"https:\/\/secure.gravatar.com\/avatar\/0f87935fa444a38263f35aecd324d5c7126d26bbb4f0b3dfdc641da352df7828?s=96&d=mm&r=g\",\"caption\":\"Auteur1\"}}]}<\/script>\n<!-- \/ Yoast SEO plugin. -->","yoast_head_json":{"title":"L'histoire de la r\u00e9sille de b\u00e9ton","robots":{"index":"index","follow":"follow","max-snippet":"max-snippet:-1","max-image-preview":"max-image-preview:large","max-video-preview":"max-video-preview:-1"},"canonical":"https:\/\/france-resille.com\/en\/lhistoire-de-la-resille-de-beton\/","og_locale":"en_US","og_type":"article","og_title":"L'histoire de la r\u00e9sille de b\u00e9ton","og_description":"La r\u00e9sille de b\u00e9ton, \u00e9galement connue sous le nom de b\u00e9ton ajour\u00e9, est une technique architecturale qui consiste \u00e0 incorporer des motifs ou des formes ajour\u00e9es dans des \u00e9l\u00e9ments en b\u00e9ton, cr\u00e9ant ainsi un m\u00e9lange unique de structure solide et de transparence.","og_url":"https:\/\/france-resille.com\/en\/lhistoire-de-la-resille-de-beton\/","og_site_name":"France R\u00e9sille","article_published_time":"2024-01-17T13:26:36+00:00","article_modified_time":"2024-12-16T14:01:54+00:00","og_image":[{"width":1024,"height":1024,"url":"https:\/\/france-resille.com\/wp-content\/uploads\/2024\/01\/facade-moderne-avec-resille-de-beton-bleue.webp","type":"image\/webp"}],"author":"Auteur1","twitter_misc":{"Written by":"Auteur1","Est. reading time":"3 minutes"},"schema":{"@context":"https:\/\/schema.org","@graph":[{"@type":"Article","@id":"https:\/\/france-resille.com\/en\/lhistoire-de-la-resille-de-beton\/#article","isPartOf":{"@id":"https:\/\/france-resille.com\/en\/lhistoire-de-la-resille-de-beton\/"},"author":{"name":"Auteur1","@id":"https:\/\/france-resille.com\/en\/#\/schema\/person\/a0defa8635d5641180e9c552bb3ecf89"},"headline":"L&#8217;histoire de la r\u00e9sille de b\u00e9ton","datePublished":"2024-01-17T13:26:36+00:00","dateModified":"2024-12-16T14:01:54+00:00","mainEntityOfPage":{"@id":"https:\/\/france-resille.com\/en\/lhistoire-de-la-resille-de-beton\/"},"wordCount":550,"image":{"@id":"https:\/\/france-resille.com\/en\/lhistoire-de-la-resille-de-beton\/#primaryimage"},"thumbnailUrl":"https:\/\/france-resille.com\/wp-content\/uploads\/2024\/01\/facade-moderne-avec-resille-de-beton-bleue.webp","articleSection":["Divers"],"inLanguage":"en-US"},{"@type":"WebPage","@id":"https:\/\/france-resille.com\/en\/lhistoire-de-la-resille-de-beton\/","url":"https:\/\/france-resille.com\/en\/lhistoire-de-la-resille-de-beton\/","name":"L'histoire de la r\u00e9sille de b\u00e9ton","isPartOf":{"@id":"https:\/\/france-resille.com\/en\/#website"},"primaryImageOfPage":{"@id":"https:\/\/france-resille.com\/en\/lhistoire-de-la-resille-de-beton\/#primaryimage"},"image":{"@id":"https:\/\/france-resille.com\/en\/lhistoire-de-la-resille-de-beton\/#primaryimage"},"thumbnailUrl":"https:\/\/france-resille.com\/wp-content\/uploads\/2024\/01\/facade-moderne-avec-resille-de-beton-bleue.webp","datePublished":"2024-01-17T13:26:36+00:00","dateModified":"2024-12-16T14:01:54+00:00","author":{"@id":"https:\/\/france-resille.com\/en\/#\/schema\/person\/a0defa8635d5641180e9c552bb3ecf89"},"breadcrumb":{"@id":"https:\/\/france-resille.com\/en\/lhistoire-de-la-resille-de-beton\/#breadcrumb"},"inLanguage":"en-US","potentialAction":[{"@type":"ReadAction","target":["https:\/\/france-resille.com\/en\/lhistoire-de-la-resille-de-beton\/"]}]},{"@type":"ImageObject","inLanguage":"en-US","@id":"https:\/\/france-resille.com\/en\/lhistoire-de-la-resille-de-beton\/#primaryimage","url":"https:\/\/france-resille.com\/wp-content\/uploads\/2024\/01\/facade-moderne-avec-resille-de-beton-bleue.webp","contentUrl":"https:\/\/france-resille.com\/wp-content\/uploads\/2024\/01\/facade-moderne-avec-resille-de-beton-bleue.webp","width":1024,"height":1024,"caption":"Photographie r\u00e9aliste d'un b\u00e2timent moderne avec une r\u00e9sille de b\u00e9ton bleue aux motifs abstraits, dans un cadre urbain avec une lumi\u00e8re naturelle accentuant la texture et la couleur vibrante du mat\u00e9riau.\" Souhaitez-vous d'autres variations ?"},{"@type":"BreadcrumbList","@id":"https:\/\/france-resille.com\/en\/lhistoire-de-la-resille-de-beton\/#breadcrumb","itemListElement":[{"@type":"ListItem","position":1,"name":"Accueil","item":"https:\/\/france-resille.com\/en\/home\/"},{"@type":"ListItem","position":2,"name":"L&#8217;histoire de la r\u00e9sille de b\u00e9ton"}]},{"@type":"WebSite","@id":"https:\/\/france-resille.com\/en\/#website","url":"https:\/\/france-resille.com\/en\/","name":"France R\u00e9sille","description":"R\u00e9alisation de grille, pare soleil, fa\u00e7ade \u00e0 partir de mat\u00e9riaux d\u00e9coup\u00e9s","potentialAction":[{"@type":"SearchAction","target":{"@type":"EntryPoint","urlTemplate":"https:\/\/france-resille.com\/en\/?s={search_term_string}"},"query-input":{"@type":"PropertyValueSpecification","valueRequired":true,"valueName":"search_term_string"}}],"inLanguage":"en-US"},{"@type":"Person","@id":"https:\/\/france-resille.com\/en\/#\/schema\/person\/a0defa8635d5641180e9c552bb3ecf89","name":"Auteur1","image":{"@type":"ImageObject","inLanguage":"en-US","@id":"https:\/\/france-resille.com\/en\/#\/schema\/person\/image\/","url":"https:\/\/secure.gravatar.com\/avatar\/0f87935fa444a38263f35aecd324d5c7126d26bbb4f0b3dfdc641da352df7828?s=96&d=mm&r=g","contentUrl":"https:\/\/secure.gravatar.com\/avatar\/0f87935fa444a38263f35aecd324d5c7126d26bbb4f0b3dfdc641da352df7828?s=96&d=mm&r=g","caption":"Auteur1"}}]}},"_links":{"self":[{"href":"https:\/\/france-resille.com\/en\/wp-json\/wp\/v2\/posts\/6161","targetHints":{"allow":["GET"]}}],"collection":[{"href":"https:\/\/france-resille.com\/en\/wp-json\/wp\/v2\/posts"}],"about":[{"href":"https:\/\/france-resille.com\/en\/wp-json\/wp\/v2\/types\/post"}],"author":[{"embeddable":true,"href":"https:\/\/france-resille.com\/en\/wp-json\/wp\/v2\/users\/2"}],"replies":[{"embeddable":true,"href":"https:\/\/france-resille.com\/en\/wp-json\/wp\/v2\/comments?post=6161"}],"version-history":[{"count":0,"href":"https:\/\/france-resille.com\/en\/wp-json\/wp\/v2\/posts\/6161\/revisions"}],"wp:featuredmedia":[{"embeddable":true,"href":"https:\/\/france-resille.com\/en\/wp-json\/wp\/v2\/media\/6267"}],"wp:attachment":[{"href":"https:\/\/france-resille.com\/en\/wp-json\/wp\/v2\/media?parent=6161"}],"wp:term":[{"taxonomy":"category","embeddable":true,"href":"https:\/\/france-resille.com\/en\/wp-json\/wp\/v2\/categories?post=6161"},{"taxonomy":"post_tag","embeddable":true,"href":"https:\/\/france-resille.com\/en\/wp-json\/wp\/v2\/tags?post=6161"}],"curies":[{"name":"wp","href":"https:\/\/api.w.org\/{rel}","templated":true}]}}