{"id":427,"date":"2014-07-29T15:15:54","date_gmt":"2014-07-29T13:15:54","guid":{"rendered":"https:\/\/france-resille.com\/?p=427"},"modified":"2020-12-15T16:41:09","modified_gmt":"2020-12-15T14:41:09","slug":"equiphotel-paris-novembre-2014","status":"publish","type":"post","link":"https:\/\/france-resille.com\/en\/equiphotel-paris-novembre-2014\/","title":{"rendered":"\u00c9quip&#8217;H\u00f4tel Paris Novembre 2014"},"content":{"rendered":"<p><a href=\"http:\/\/www.equiphotel.com\/\"><img loading=\"lazy\" decoding=\"async\" class=\"aligncenter size-full wp-image-428\" src=\"https:\/\/france-resille.com\/wp-content\/uploads\/2014\/07\/equiphotel.png\" alt=\"equiphotel\" width=\"285\" height=\"141\" \/><\/a><\/p>\n<p>\u00c9quip&#8217;H\u00f4tel Paris du 16 au 20 Novembre 2014<\/p>\n","protected":false},"excerpt":{"rendered":"<p>\u00c9quip&#8217;H\u00f4tel Paris du 16 au 20 Novembre 2014<\/p>\n","protected":false},"author":1,"featured_media":428,"comment_status":"closed","ping_status":"closed","sticky":false,"template":"","format":"standard","meta":{"footnotes":""},"categories":[7],"tags":[],"class_list":["post-427","post","type-post","status-publish","format-standard","has-post-thumbnail","hentry","category-salons"],"yoast_head":"<!-- This site is optimized with the Yoast SEO plugin v26.9 - https:\/\/yoast.com\/product\/yoast-seo-wordpress\/ -->\n<title>\u00c9quip&#039;H\u00f4tel Paris Novembre 2014<\/title>\n<meta name=\"robots\" content=\"index, follow, max-snippet:-1, max-image-preview:large, max-video-preview:-1\" \/>\n<link rel=\"canonical\" href=\"https:\/\/france-resille.com\/en\/equiphotel-paris-novembre-2014\/\" \/>\n<meta property=\"og:locale\" content=\"en_US\" \/>\n<meta property=\"og:type\" content=\"article\" \/>\n<meta property=\"og:title\" content=\"\u00c9quip&#039;H\u00f4tel Paris Novembre 2014\" \/>\n<meta property=\"og:description\" content=\"\u00c9quip&#8217;H\u00f4tel Paris du 16 au 20 Novembre 2014\" \/>\n<meta property=\"og:url\" content=\"https:\/\/france-resille.com\/en\/equiphotel-paris-novembre-2014\/\" \/>\n<meta property=\"og:site_name\" content=\"France R\u00e9sille\" \/>\n<meta property=\"article:published_time\" content=\"2014-07-29T13:15:54+00:00\" \/>\n<meta property=\"article:modified_time\" content=\"2020-12-15T14:41:09+00:00\" \/>\n<meta property=\"og:image\" content=\"https:\/\/france-resille.com\/wp-content\/uploads\/2014\/07\/equiphotel.png\" \/>\n\t<meta property=\"og:image:width\" content=\"285\" \/>\n\t<meta property=\"og:image:height\" content=\"141\" \/>\n\t<meta property=\"og:image:type\" content=\"image\/png\" \/>\n<meta name=\"author\" content=\"FranceRes\" \/>\n<meta name=\"twitter:label1\" content=\"Written by\" \/>\n\t<meta name=\"twitter:data1\" content=\"FranceRes\" \/>\n<script type=\"application\/ld+json\" class=\"yoast-schema-graph\">{\"@context\":\"https:\/\/schema.org\",\"@graph\":[{\"@type\":\"Article\",\"@id\":\"https:\/\/france-resille.com\/en\/equiphotel-paris-novembre-2014\/#article\",\"isPartOf\":{\"@id\":\"https:\/\/france-resille.com\/en\/equiphotel-paris-novembre-2014\/\"},\"author\":{\"name\":\"FranceRes\",\"@id\":\"https:\/\/france-resille.com\/en\/#\/schema\/person\/650fc2dc2d320c4484f60942efc8dc64\"},\"headline\":\"\u00c9quip&#8217;H\u00f4tel Paris Novembre 2014\",\"datePublished\":\"2014-07-29T13:15:54+00:00\",\"dateModified\":\"2020-12-15T14:41:09+00:00\",\"mainEntityOfPage\":{\"@id\":\"https:\/\/france-resille.com\/en\/equiphotel-paris-novembre-2014\/\"},\"wordCount\":12,\"image\":{\"@id\":\"https:\/\/france-resille.com\/en\/equiphotel-paris-novembre-2014\/#primaryimage\"},\"thumbnailUrl\":\"https:\/\/france-resille.com\/wp-content\/uploads\/2014\/07\/equiphotel.png\",\"articleSection\":[\"Salons\"],\"inLanguage\":\"en-US\"},{\"@type\":\"WebPage\",\"@id\":\"https:\/\/france-resille.com\/en\/equiphotel-paris-novembre-2014\/\",\"url\":\"https:\/\/france-resille.com\/en\/equiphotel-paris-novembre-2014\/\",\"name\":\"\u00c9quip'H\u00f4tel Paris Novembre 2014\",\"isPartOf\":{\"@id\":\"https:\/\/france-resille.com\/en\/#website\"},\"primaryImageOfPage\":{\"@id\":\"https:\/\/france-resille.com\/en\/equiphotel-paris-novembre-2014\/#primaryimage\"},\"image\":{\"@id\":\"https:\/\/france-resille.com\/en\/equiphotel-paris-novembre-2014\/#primaryimage\"},\"thumbnailUrl\":\"https:\/\/france-resille.com\/wp-content\/uploads\/2014\/07\/equiphotel.png\",\"datePublished\":\"2014-07-29T13:15:54+00:00\",\"dateModified\":\"2020-12-15T14:41:09+00:00\",\"author\":{\"@id\":\"https:\/\/france-resille.com\/en\/#\/schema\/person\/650fc2dc2d320c4484f60942efc8dc64\"},\"breadcrumb\":{\"@id\":\"https:\/\/france-resille.com\/en\/equiphotel-paris-novembre-2014\/#breadcrumb\"},\"inLanguage\":\"en-US\",\"potentialAction\":[{\"@type\":\"ReadAction\",\"target\":[\"https:\/\/france-resille.com\/en\/equiphotel-paris-novembre-2014\/\"]}]},{\"@type\":\"ImageObject\",\"inLanguage\":\"en-US\",\"@id\":\"https:\/\/france-resille.com\/en\/equiphotel-paris-novembre-2014\/#primaryimage\",\"url\":\"https:\/\/france-resille.com\/wp-content\/uploads\/2014\/07\/equiphotel.png\",\"contentUrl\":\"https:\/\/france-resille.com\/wp-content\/uploads\/2014\/07\/equiphotel.png\",\"width\":285,\"height\":141},{\"@type\":\"BreadcrumbList\",\"@id\":\"https:\/\/france-resille.com\/en\/equiphotel-paris-novembre-2014\/#breadcrumb\",\"itemListElement\":[{\"@type\":\"ListItem\",\"position\":1,\"name\":\"Accueil\",\"item\":\"https:\/\/france-resille.com\/en\/home\/\"},{\"@type\":\"ListItem\",\"position\":2,\"name\":\"\u00c9quip&#8217;H\u00f4tel Paris Novembre 2014\"}]},{\"@type\":\"WebSite\",\"@id\":\"https:\/\/france-resille.com\/en\/#website\",\"url\":\"https:\/\/france-resille.com\/en\/\",\"name\":\"France R\u00e9sille\",\"description\":\"R\u00e9alisation de grille, pare soleil, fa\u00e7ade \u00e0 partir de mat\u00e9riaux d\u00e9coup\u00e9s\",\"potentialAction\":[{\"@type\":\"SearchAction\",\"target\":{\"@type\":\"EntryPoint\",\"urlTemplate\":\"https:\/\/france-resille.com\/en\/?s={search_term_string}\"},\"query-input\":{\"@type\":\"PropertyValueSpecification\",\"valueRequired\":true,\"valueName\":\"search_term_string\"}}],\"inLanguage\":\"en-US\"},{\"@type\":\"Person\",\"@id\":\"https:\/\/france-resille.com\/en\/#\/schema\/person\/650fc2dc2d320c4484f60942efc8dc64\",\"name\":\"FranceRes\",\"image\":{\"@type\":\"ImageObject\",\"inLanguage\":\"en-US\",\"@id\":\"https:\/\/france-resille.com\/en\/#\/schema\/person\/image\/\",\"url\":\"https:\/\/secure.gravatar.com\/avatar\/a7a6c9361ab3834aca1e880307804429f3a31ec5ff23d7120c8287a1b13e33e7?s=96&d=mm&r=g\",\"contentUrl\":\"https:\/\/secure.gravatar.com\/avatar\/a7a6c9361ab3834aca1e880307804429f3a31ec5ff23d7120c8287a1b13e33e7?s=96&d=mm&r=g\",\"caption\":\"FranceRes\"},\"sameAs\":[\"http:\/\/FranceRes\"]}]}<\/script>\n<!-- \/ Yoast SEO plugin. -->","yoast_head_json":{"title":"\u00c9quip'H\u00f4tel Paris Novembre 2014","robots":{"index":"index","follow":"follow","max-snippet":"max-snippet:-1","max-image-preview":"max-image-preview:large","max-video-preview":"max-video-preview:-1"},"canonical":"https:\/\/france-resille.com\/en\/equiphotel-paris-novembre-2014\/","og_locale":"en_US","og_type":"article","og_title":"\u00c9quip'H\u00f4tel Paris Novembre 2014","og_description":"\u00c9quip&#8217;H\u00f4tel Paris du 16 au 20 Novembre 2014","og_url":"https:\/\/france-resille.com\/en\/equiphotel-paris-novembre-2014\/","og_site_name":"France R\u00e9sille","article_published_time":"2014-07-29T13:15:54+00:00","article_modified_time":"2020-12-15T14:41:09+00:00","og_image":[{"width":285,"height":141,"url":"https:\/\/france-resille.com\/wp-content\/uploads\/2014\/07\/equiphotel.png","type":"image\/png"}],"author":"FranceRes","twitter_misc":{"Written by":"FranceRes"},"schema":{"@context":"https:\/\/schema.org","@graph":[{"@type":"Article","@id":"https:\/\/france-resille.com\/en\/equiphotel-paris-novembre-2014\/#article","isPartOf":{"@id":"https:\/\/france-resille.com\/en\/equiphotel-paris-novembre-2014\/"},"author":{"name":"FranceRes","@id":"https:\/\/france-resille.com\/en\/#\/schema\/person\/650fc2dc2d320c4484f60942efc8dc64"},"headline":"\u00c9quip&#8217;H\u00f4tel Paris Novembre 2014","datePublished":"2014-07-29T13:15:54+00:00","dateModified":"2020-12-15T14:41:09+00:00","mainEntityOfPage":{"@id":"https:\/\/france-resille.com\/en\/equiphotel-paris-novembre-2014\/"},"wordCount":12,"image":{"@id":"https:\/\/france-resille.com\/en\/equiphotel-paris-novembre-2014\/#primaryimage"},"thumbnailUrl":"https:\/\/france-resille.com\/wp-content\/uploads\/2014\/07\/equiphotel.png","articleSection":["Salons"],"inLanguage":"en-US"},{"@type":"WebPage","@id":"https:\/\/france-resille.com\/en\/equiphotel-paris-novembre-2014\/","url":"https:\/\/france-resille.com\/en\/equiphotel-paris-novembre-2014\/","name":"\u00c9quip'H\u00f4tel Paris Novembre 2014","isPartOf":{"@id":"https:\/\/france-resille.com\/en\/#website"},"primaryImageOfPage":{"@id":"https:\/\/france-resille.com\/en\/equiphotel-paris-novembre-2014\/#primaryimage"},"image":{"@id":"https:\/\/france-resille.com\/en\/equiphotel-paris-novembre-2014\/#primaryimage"},"thumbnailUrl":"https:\/\/france-resille.com\/wp-content\/uploads\/2014\/07\/equiphotel.png","datePublished":"2014-07-29T13:15:54+00:00","dateModified":"2020-12-15T14:41:09+00:00","author":{"@id":"https:\/\/france-resille.com\/en\/#\/schema\/person\/650fc2dc2d320c4484f60942efc8dc64"},"breadcrumb":{"@id":"https:\/\/france-resille.com\/en\/equiphotel-paris-novembre-2014\/#breadcrumb"},"inLanguage":"en-US","potentialAction":[{"@type":"ReadAction","target":["https:\/\/france-resille.com\/en\/equiphotel-paris-novembre-2014\/"]}]},{"@type":"ImageObject","inLanguage":"en-US","@id":"https:\/\/france-resille.com\/en\/equiphotel-paris-novembre-2014\/#primaryimage","url":"https:\/\/france-resille.com\/wp-content\/uploads\/2014\/07\/equiphotel.png","contentUrl":"https:\/\/france-resille.com\/wp-content\/uploads\/2014\/07\/equiphotel.png","width":285,"height":141},{"@type":"BreadcrumbList","@id":"https:\/\/france-resille.com\/en\/equiphotel-paris-novembre-2014\/#breadcrumb","itemListElement":[{"@type":"ListItem","position":1,"name":"Accueil","item":"https:\/\/france-resille.com\/en\/home\/"},{"@type":"ListItem","position":2,"name":"\u00c9quip&#8217;H\u00f4tel Paris Novembre 2014"}]},{"@type":"WebSite","@id":"https:\/\/france-resille.com\/en\/#website","url":"https:\/\/france-resille.com\/en\/","name":"France R\u00e9sille","description":"R\u00e9alisation de grille, pare soleil, fa\u00e7ade \u00e0 partir de mat\u00e9riaux d\u00e9coup\u00e9s","potentialAction":[{"@type":"SearchAction","target":{"@type":"EntryPoint","urlTemplate":"https:\/\/france-resille.com\/en\/?s={search_term_string}"},"query-input":{"@type":"PropertyValueSpecification","valueRequired":true,"valueName":"search_term_string"}}],"inLanguage":"en-US"},{"@type":"Person","@id":"https:\/\/france-resille.com\/en\/#\/schema\/person\/650fc2dc2d320c4484f60942efc8dc64","name":"FranceRes","image":{"@type":"ImageObject","inLanguage":"en-US","@id":"https:\/\/france-resille.com\/en\/#\/schema\/person\/image\/","url":"https:\/\/secure.gravatar.com\/avatar\/a7a6c9361ab3834aca1e880307804429f3a31ec5ff23d7120c8287a1b13e33e7?s=96&d=mm&r=g","contentUrl":"https:\/\/secure.gravatar.com\/avatar\/a7a6c9361ab3834aca1e880307804429f3a31ec5ff23d7120c8287a1b13e33e7?s=96&d=mm&r=g","caption":"FranceRes"},"sameAs":["http:\/\/FranceRes"]}]}},"_links":{"self":[{"href":"https:\/\/france-resille.com\/en\/wp-json\/wp\/v2\/posts\/427","targetHints":{"allow":["GET"]}}],"collection":[{"href":"https:\/\/france-resille.com\/en\/wp-json\/wp\/v2\/posts"}],"about":[{"href":"https:\/\/france-resille.com\/en\/wp-json\/wp\/v2\/types\/post"}],"author":[{"embeddable":true,"href":"https:\/\/france-resille.com\/en\/wp-json\/wp\/v2\/users\/1"}],"replies":[{"embeddable":true,"href":"https:\/\/france-resille.com\/en\/wp-json\/wp\/v2\/comments?post=427"}],"version-history":[{"count":0,"href":"https:\/\/france-resille.com\/en\/wp-json\/wp\/v2\/posts\/427\/revisions"}],"wp:featuredmedia":[{"embeddable":true,"href":"https:\/\/france-resille.com\/en\/wp-json\/wp\/v2\/media\/428"}],"wp:attachment":[{"href":"https:\/\/france-resille.com\/en\/wp-json\/wp\/v2\/media?parent=427"}],"wp:term":[{"taxonomy":"category","embeddable":true,"href":"https:\/\/france-resille.com\/en\/wp-json\/wp\/v2\/categories?post=427"},{"taxonomy":"post_tag","embeddable":true,"href":"https:\/\/france-resille.com\/en\/wp-json\/wp\/v2\/tags?post=427"}],"curies":[{"name":"wp","href":"https:\/\/api.w.org\/{rel}","templated":true}]}}