{"id":3982,"date":"2020-11-17T16:32:17","date_gmt":"2020-11-17T14:32:17","guid":{"rendered":"https:\/\/france-resille.com\/?p=3982"},"modified":"2024-12-16T14:53:35","modified_gmt":"2024-12-16T13:53:35","slug":"focus-sur-la-skyline","status":"publish","type":"post","link":"https:\/\/france-resille.com\/en\/focus-sur-la-skyline\/","title":{"rendered":"Focus sur la &#8220;skyline&#8221;"},"content":{"rendered":"<p>Depuis quelques temps, la d\u00e9coupe laser ne se cantonne plus uniquement aux r\u00e9silles d\u00e9coratives de b\u00e2timents. <!--more-->Sans pour autant d\u00e9laisser ses premiers amours puisque nombre de grandes marques (c\u2019est notamment le cas de la Maison Chanel) s\u2019empressent de doter leurs vitrines de l\u2019un de ces \u00e9crins visuellement \u00e9poustouflants \u2026 Cependant, <strong>la d\u00e9coupe laser se pique d\u00e9sormais de d\u00e9coration d\u2019int\u00e9rieur<\/strong> et fait son entr\u00e9e dans les foyers fran\u00e7ais via les <em>skylines<\/em><strong>\u00a0; \u00e9l\u00e9gantes d\u00e9corations murales<\/strong> qui devraient se retrouver cette ann\u00e9e sous nombre de sapins de No\u00ebl \u2026<\/p>\n<h2>Qu\u2019est-ce qu\u2019une<em> skyline\u00a0<\/em>?<\/h2>\n<p>Litt\u00e9ralement parlant, la \u00ab\u00a0<em>skyline<\/em>\u00a0\u00bb est un <strong>mot anglophone d\u00e9signant l\u2019horizon<\/strong>. Et plus largement, il est compris comme \u00e9tant la silhouette d\u2019une ville s\u2019\u00e9talant devant nous. Et y a-t-il plus embl\u00e9matique que le trac\u00e9 \u00e9l\u00e9gant et rac\u00e9 de Paris et de sa tour Eiffel\u00a0? Plus \u00ab\u00a0<em>trendy\u00a0<\/em>\u00bb que New York et ses myriades de gratte-ciels\u00a0? Plus pittoresque que Marseille et sa Bonne-M\u00e8re\u00a0? Plus chic que Londres et son <em>London Eye\u00a0<\/em>? Or, c\u2019est justement ce que sont les <em>skylines<\/em> fabriqu\u00e9es \u00e0 l\u2019aide de la d\u00e9coupe laser\u00a0<strong>: un trac\u00e9 plein de finesse, \u00e0 l\u2019allure contemporaine et raffin\u00e9e<\/strong>. Et le tout \u00e0 l\u2019effigie de votre ville favorite. Les possibilit\u00e9s sont presque infinies\u00a0! De <strong>dimensions variables<\/strong>, elles peuvent s\u2019ajuster \u00e0 n\u2019importe quel mur que vous d\u00e9sireriez habiller d\u2019une mani\u00e8re novatrice et subtile. En outre, il est aussi possible de <strong>jouer sur les coloris choisis\u00a0<\/strong>; bien que le noir rencontre g\u00e9n\u00e9ralement un franc succ\u00e8s.<\/p>\n<h2>Pourquoi offrir une <em>skyline<\/em>\u00a0?<\/h2>\n<p>A l\u2019arriv\u00e9e des f\u00eates de fin d\u2019ann\u00e9e, peut-\u00eatre songez vous \u00e0 offrir \u00e0 un \u00eatre cher une <strong><em>skyline<\/em> personnalis\u00e9e<\/strong>. Et il s\u2019av\u00e8re qu\u2019il s\u2019agit d\u2019une tr\u00e8s belle id\u00e9e\u00a0! En effet, cette <em>skyline <\/em>pourrait \u00eatre celle de la <strong>ville o\u00f9 vous vous \u00eates rencontr\u00e9s<\/strong>. Ou qui compte \u00e9norm\u00e9ment pour la personne en question. Peut-\u00eatre la ville qui a abrit\u00e9 ce voyage qui fut absolument inoubliable et dont elle vous reparle chaque jour depuis\u00a0? Dans ce cas, nul ne doute que votre cadeau fera mouche. Car en cette p\u00e9riode o\u00f9 les <strong>globes trotteurs<\/strong> ont bien du mal \u00e0 voir le bout du tunnel\u00a0; il est certain que <strong>poss\u00e9der un petit bout de leur ville favorite les comblera de joie<\/strong>\u00a0! En attendant de pouvoir y retourner pour de bon\u00a0! Mais pour les autres, il peut aussi s\u2019agir d\u2019une <strong>ville de naissance<\/strong>. Ou pourquoi pas d\u2019une <strong>ville de fiction<\/strong>, ch\u00e8re \u00e0 leur c\u0153ur\u00a0?\u00a0N\u2019h\u00e9sitez pas \u00e0 en parler aux <strong>professionnels de la d\u00e9coupe laser<\/strong>, ils se feront tr\u00e8s certainement un plaisir de donner vie \u00e0 vos id\u00e9es les plus folles \u2026<\/p>\n<p><em>Cet article est une contribution libre r\u00e9dig\u00e9e par un auteur partenaire et non par la soci\u00e9t\u00e9 elle-m\u00eame.<\/em><\/p>\n","protected":false},"excerpt":{"rendered":"<p>Depuis quelques temps, la d\u00e9coupe laser ne se cantonne plus uniquement aux r\u00e9silles d\u00e9coratives de b\u00e2timents.<\/p>\n","protected":false},"author":2,"featured_media":3983,"comment_status":"closed","ping_status":"closed","sticky":false,"template":"","format":"standard","meta":{"footnotes":""},"categories":[25],"tags":[],"class_list":["post-3982","post","type-post","status-publish","format-standard","has-post-thumbnail","hentry","category-divers"],"yoast_head":"<!-- This site is optimized with the Yoast SEO plugin v26.9 - https:\/\/yoast.com\/product\/yoast-seo-wordpress\/ -->\n<title>Focus sur la &quot;skyline&quot;<\/title>\n<meta name=\"robots\" content=\"index, follow, max-snippet:-1, max-image-preview:large, max-video-preview:-1\" \/>\n<link rel=\"canonical\" href=\"https:\/\/france-resille.com\/en\/focus-sur-la-skyline\/\" \/>\n<meta property=\"og:locale\" content=\"en_US\" \/>\n<meta property=\"og:type\" content=\"article\" \/>\n<meta property=\"og:title\" content=\"Focus sur la &quot;skyline&quot;\" \/>\n<meta property=\"og:description\" content=\"Depuis quelques temps, la d\u00e9coupe laser ne se cantonne plus uniquement aux r\u00e9silles d\u00e9coratives de b\u00e2timents.\" \/>\n<meta property=\"og:url\" content=\"https:\/\/france-resille.com\/en\/focus-sur-la-skyline\/\" \/>\n<meta property=\"og:site_name\" content=\"France R\u00e9sille\" \/>\n<meta property=\"article:published_time\" content=\"2020-11-17T14:32:17+00:00\" \/>\n<meta property=\"article:modified_time\" content=\"2024-12-16T13:53:35+00:00\" \/>\n<meta property=\"og:image\" content=\"https:\/\/france-resille.com\/wp-content\/uploads\/2020\/11\/skyscrapers-529684_1920.jpg\" \/>\n\t<meta property=\"og:image:width\" content=\"1920\" \/>\n\t<meta property=\"og:image:height\" content=\"912\" \/>\n\t<meta property=\"og:image:type\" content=\"image\/jpeg\" \/>\n<meta name=\"author\" content=\"Auteur1\" \/>\n<meta name=\"twitter:label1\" content=\"Written by\" \/>\n\t<meta name=\"twitter:data1\" content=\"Auteur1\" \/>\n\t<meta name=\"twitter:label2\" content=\"Est. reading time\" \/>\n\t<meta name=\"twitter:data2\" content=\"3 minutes\" \/>\n<script type=\"application\/ld+json\" class=\"yoast-schema-graph\">{\"@context\":\"https:\/\/schema.org\",\"@graph\":[{\"@type\":\"Article\",\"@id\":\"https:\/\/france-resille.com\/en\/focus-sur-la-skyline\/#article\",\"isPartOf\":{\"@id\":\"https:\/\/france-resille.com\/en\/focus-sur-la-skyline\/\"},\"author\":{\"name\":\"Auteur1\",\"@id\":\"https:\/\/france-resille.com\/en\/#\/schema\/person\/a0defa8635d5641180e9c552bb3ecf89\"},\"headline\":\"Focus sur la &#8220;skyline&#8221;\",\"datePublished\":\"2020-11-17T14:32:17+00:00\",\"dateModified\":\"2024-12-16T13:53:35+00:00\",\"mainEntityOfPage\":{\"@id\":\"https:\/\/france-resille.com\/en\/focus-sur-la-skyline\/\"},\"wordCount\":503,\"image\":{\"@id\":\"https:\/\/france-resille.com\/en\/focus-sur-la-skyline\/#primaryimage\"},\"thumbnailUrl\":\"https:\/\/france-resille.com\/wp-content\/uploads\/2020\/11\/skyscrapers-529684_1920.jpg\",\"articleSection\":[\"Divers\"],\"inLanguage\":\"en-US\"},{\"@type\":\"WebPage\",\"@id\":\"https:\/\/france-resille.com\/en\/focus-sur-la-skyline\/\",\"url\":\"https:\/\/france-resille.com\/en\/focus-sur-la-skyline\/\",\"name\":\"Focus sur la \\\"skyline\\\"\",\"isPartOf\":{\"@id\":\"https:\/\/france-resille.com\/en\/#website\"},\"primaryImageOfPage\":{\"@id\":\"https:\/\/france-resille.com\/en\/focus-sur-la-skyline\/#primaryimage\"},\"image\":{\"@id\":\"https:\/\/france-resille.com\/en\/focus-sur-la-skyline\/#primaryimage\"},\"thumbnailUrl\":\"https:\/\/france-resille.com\/wp-content\/uploads\/2020\/11\/skyscrapers-529684_1920.jpg\",\"datePublished\":\"2020-11-17T14:32:17+00:00\",\"dateModified\":\"2024-12-16T13:53:35+00:00\",\"author\":{\"@id\":\"https:\/\/france-resille.com\/en\/#\/schema\/person\/a0defa8635d5641180e9c552bb3ecf89\"},\"breadcrumb\":{\"@id\":\"https:\/\/france-resille.com\/en\/focus-sur-la-skyline\/#breadcrumb\"},\"inLanguage\":\"en-US\",\"potentialAction\":[{\"@type\":\"ReadAction\",\"target\":[\"https:\/\/france-resille.com\/en\/focus-sur-la-skyline\/\"]}]},{\"@type\":\"ImageObject\",\"inLanguage\":\"en-US\",\"@id\":\"https:\/\/france-resille.com\/en\/focus-sur-la-skyline\/#primaryimage\",\"url\":\"https:\/\/france-resille.com\/wp-content\/uploads\/2020\/11\/skyscrapers-529684_1920.jpg\",\"contentUrl\":\"https:\/\/france-resille.com\/wp-content\/uploads\/2020\/11\/skyscrapers-529684_1920.jpg\",\"width\":1920,\"height\":912,\"caption\":\"Skyline stylis\u00e9e\"},{\"@type\":\"BreadcrumbList\",\"@id\":\"https:\/\/france-resille.com\/en\/focus-sur-la-skyline\/#breadcrumb\",\"itemListElement\":[{\"@type\":\"ListItem\",\"position\":1,\"name\":\"Accueil\",\"item\":\"https:\/\/france-resille.com\/en\/home\/\"},{\"@type\":\"ListItem\",\"position\":2,\"name\":\"Focus sur la &#8220;skyline&#8221;\"}]},{\"@type\":\"WebSite\",\"@id\":\"https:\/\/france-resille.com\/en\/#website\",\"url\":\"https:\/\/france-resille.com\/en\/\",\"name\":\"France R\u00e9sille\",\"description\":\"R\u00e9alisation de grille, pare soleil, fa\u00e7ade \u00e0 partir de mat\u00e9riaux d\u00e9coup\u00e9s\",\"potentialAction\":[{\"@type\":\"SearchAction\",\"target\":{\"@type\":\"EntryPoint\",\"urlTemplate\":\"https:\/\/france-resille.com\/en\/?s={search_term_string}\"},\"query-input\":{\"@type\":\"PropertyValueSpecification\",\"valueRequired\":true,\"valueName\":\"search_term_string\"}}],\"inLanguage\":\"en-US\"},{\"@type\":\"Person\",\"@id\":\"https:\/\/france-resille.com\/en\/#\/schema\/person\/a0defa8635d5641180e9c552bb3ecf89\",\"name\":\"Auteur1\",\"image\":{\"@type\":\"ImageObject\",\"inLanguage\":\"en-US\",\"@id\":\"https:\/\/france-resille.com\/en\/#\/schema\/person\/image\/\",\"url\":\"https:\/\/secure.gravatar.com\/avatar\/0f87935fa444a38263f35aecd324d5c7126d26bbb4f0b3dfdc641da352df7828?s=96&d=mm&r=g\",\"contentUrl\":\"https:\/\/secure.gravatar.com\/avatar\/0f87935fa444a38263f35aecd324d5c7126d26bbb4f0b3dfdc641da352df7828?s=96&d=mm&r=g\",\"caption\":\"Auteur1\"}}]}<\/script>\n<!-- \/ Yoast SEO plugin. -->","yoast_head_json":{"title":"Focus sur la \"skyline\"","robots":{"index":"index","follow":"follow","max-snippet":"max-snippet:-1","max-image-preview":"max-image-preview:large","max-video-preview":"max-video-preview:-1"},"canonical":"https:\/\/france-resille.com\/en\/focus-sur-la-skyline\/","og_locale":"en_US","og_type":"article","og_title":"Focus sur la \"skyline\"","og_description":"Depuis quelques temps, la d\u00e9coupe laser ne se cantonne plus uniquement aux r\u00e9silles d\u00e9coratives de b\u00e2timents.","og_url":"https:\/\/france-resille.com\/en\/focus-sur-la-skyline\/","og_site_name":"France R\u00e9sille","article_published_time":"2020-11-17T14:32:17+00:00","article_modified_time":"2024-12-16T13:53:35+00:00","og_image":[{"width":1920,"height":912,"url":"https:\/\/france-resille.com\/wp-content\/uploads\/2020\/11\/skyscrapers-529684_1920.jpg","type":"image\/jpeg"}],"author":"Auteur1","twitter_misc":{"Written by":"Auteur1","Est. reading time":"3 minutes"},"schema":{"@context":"https:\/\/schema.org","@graph":[{"@type":"Article","@id":"https:\/\/france-resille.com\/en\/focus-sur-la-skyline\/#article","isPartOf":{"@id":"https:\/\/france-resille.com\/en\/focus-sur-la-skyline\/"},"author":{"name":"Auteur1","@id":"https:\/\/france-resille.com\/en\/#\/schema\/person\/a0defa8635d5641180e9c552bb3ecf89"},"headline":"Focus sur la &#8220;skyline&#8221;","datePublished":"2020-11-17T14:32:17+00:00","dateModified":"2024-12-16T13:53:35+00:00","mainEntityOfPage":{"@id":"https:\/\/france-resille.com\/en\/focus-sur-la-skyline\/"},"wordCount":503,"image":{"@id":"https:\/\/france-resille.com\/en\/focus-sur-la-skyline\/#primaryimage"},"thumbnailUrl":"https:\/\/france-resille.com\/wp-content\/uploads\/2020\/11\/skyscrapers-529684_1920.jpg","articleSection":["Divers"],"inLanguage":"en-US"},{"@type":"WebPage","@id":"https:\/\/france-resille.com\/en\/focus-sur-la-skyline\/","url":"https:\/\/france-resille.com\/en\/focus-sur-la-skyline\/","name":"Focus sur la \"skyline\"","isPartOf":{"@id":"https:\/\/france-resille.com\/en\/#website"},"primaryImageOfPage":{"@id":"https:\/\/france-resille.com\/en\/focus-sur-la-skyline\/#primaryimage"},"image":{"@id":"https:\/\/france-resille.com\/en\/focus-sur-la-skyline\/#primaryimage"},"thumbnailUrl":"https:\/\/france-resille.com\/wp-content\/uploads\/2020\/11\/skyscrapers-529684_1920.jpg","datePublished":"2020-11-17T14:32:17+00:00","dateModified":"2024-12-16T13:53:35+00:00","author":{"@id":"https:\/\/france-resille.com\/en\/#\/schema\/person\/a0defa8635d5641180e9c552bb3ecf89"},"breadcrumb":{"@id":"https:\/\/france-resille.com\/en\/focus-sur-la-skyline\/#breadcrumb"},"inLanguage":"en-US","potentialAction":[{"@type":"ReadAction","target":["https:\/\/france-resille.com\/en\/focus-sur-la-skyline\/"]}]},{"@type":"ImageObject","inLanguage":"en-US","@id":"https:\/\/france-resille.com\/en\/focus-sur-la-skyline\/#primaryimage","url":"https:\/\/france-resille.com\/wp-content\/uploads\/2020\/11\/skyscrapers-529684_1920.jpg","contentUrl":"https:\/\/france-resille.com\/wp-content\/uploads\/2020\/11\/skyscrapers-529684_1920.jpg","width":1920,"height":912,"caption":"Skyline stylis\u00e9e"},{"@type":"BreadcrumbList","@id":"https:\/\/france-resille.com\/en\/focus-sur-la-skyline\/#breadcrumb","itemListElement":[{"@type":"ListItem","position":1,"name":"Accueil","item":"https:\/\/france-resille.com\/en\/home\/"},{"@type":"ListItem","position":2,"name":"Focus sur la &#8220;skyline&#8221;"}]},{"@type":"WebSite","@id":"https:\/\/france-resille.com\/en\/#website","url":"https:\/\/france-resille.com\/en\/","name":"France R\u00e9sille","description":"R\u00e9alisation de grille, pare soleil, fa\u00e7ade \u00e0 partir de mat\u00e9riaux d\u00e9coup\u00e9s","potentialAction":[{"@type":"SearchAction","target":{"@type":"EntryPoint","urlTemplate":"https:\/\/france-resille.com\/en\/?s={search_term_string}"},"query-input":{"@type":"PropertyValueSpecification","valueRequired":true,"valueName":"search_term_string"}}],"inLanguage":"en-US"},{"@type":"Person","@id":"https:\/\/france-resille.com\/en\/#\/schema\/person\/a0defa8635d5641180e9c552bb3ecf89","name":"Auteur1","image":{"@type":"ImageObject","inLanguage":"en-US","@id":"https:\/\/france-resille.com\/en\/#\/schema\/person\/image\/","url":"https:\/\/secure.gravatar.com\/avatar\/0f87935fa444a38263f35aecd324d5c7126d26bbb4f0b3dfdc641da352df7828?s=96&d=mm&r=g","contentUrl":"https:\/\/secure.gravatar.com\/avatar\/0f87935fa444a38263f35aecd324d5c7126d26bbb4f0b3dfdc641da352df7828?s=96&d=mm&r=g","caption":"Auteur1"}}]}},"_links":{"self":[{"href":"https:\/\/france-resille.com\/en\/wp-json\/wp\/v2\/posts\/3982","targetHints":{"allow":["GET"]}}],"collection":[{"href":"https:\/\/france-resille.com\/en\/wp-json\/wp\/v2\/posts"}],"about":[{"href":"https:\/\/france-resille.com\/en\/wp-json\/wp\/v2\/types\/post"}],"author":[{"embeddable":true,"href":"https:\/\/france-resille.com\/en\/wp-json\/wp\/v2\/users\/2"}],"replies":[{"embeddable":true,"href":"https:\/\/france-resille.com\/en\/wp-json\/wp\/v2\/comments?post=3982"}],"version-history":[{"count":0,"href":"https:\/\/france-resille.com\/en\/wp-json\/wp\/v2\/posts\/3982\/revisions"}],"wp:featuredmedia":[{"embeddable":true,"href":"https:\/\/france-resille.com\/en\/wp-json\/wp\/v2\/media\/3983"}],"wp:attachment":[{"href":"https:\/\/france-resille.com\/en\/wp-json\/wp\/v2\/media?parent=3982"}],"wp:term":[{"taxonomy":"category","embeddable":true,"href":"https:\/\/france-resille.com\/en\/wp-json\/wp\/v2\/categories?post=3982"},{"taxonomy":"post_tag","embeddable":true,"href":"https:\/\/france-resille.com\/en\/wp-json\/wp\/v2\/tags?post=3982"}],"curies":[{"name":"wp","href":"https:\/\/api.w.org\/{rel}","templated":true}]}}