{"id":3966,"date":"2020-09-15T16:14:14","date_gmt":"2020-09-15T14:14:14","guid":{"rendered":"https:\/\/france-resille.com\/?p=3966"},"modified":"2024-12-16T14:53:55","modified_gmt":"2024-12-16T13:53:55","slug":"3-batiments-celebres-arborant-la-resille-de-beton-partie-2-2","status":"publish","type":"post","link":"https:\/\/france-resille.com\/en\/3-batiments-celebres-arborant-la-resille-de-beton-partie-2-2\/","title":{"rendered":"3 b\u00e2timents c\u00e9l\u00e8bres arborant la r\u00e9sille de b\u00e9ton &#8211; Partie 2\/2"},"content":{"rendered":"<p>Po\u00e9tiques, \u00e9th\u00e9r\u00e9es, d\u00e9licates ; les r\u00e9silles de b\u00e9ton ont le vent en poupe dans le monde architectural. <!--more-->D\u00e8s lors voici deux nouveaux exemples de ces cr\u00e9ations \u00e0 nulles autres pareilles &#8230;<\/p>\n<h2>La vitrine Chanel par Rudy Ricciotti.<\/h2>\n<p>Cr\u00e9\u00e9e in 1910 par l\u2019inimitable et audacieuse Gabrielle Chanel,<strong> l\u2019on ne pr\u00e9sente plus l&#8217;incroyable Maison Chanel<\/strong>\u202f;\u00a0notamment r\u00e9put\u00e9e pour avoir \u00e9mancip\u00e9 le vestiaire de la femme en lui permettant de s\u2019emparer des pantalons, cardigans et cheveux courts. Le <em>tweed <\/em>et la d\u00e9licate fleur de cam\u00e9lia furent \u00e9galement embl\u00e9matiques de ces collections l\u00e9gendaires, incarnant depuis plus d\u2019un si\u00e8cle le chic fran\u00e7ais. Ceci dit, Chanel entend bien traverser le temps et <strong>s\u2019ancre plus que jamais dans la modernit\u00e9 en mixant couture et <em>design<\/em> architectural<\/strong>. Car la mythique maison fran\u00e7aise s\u2019offre le savoir-faire d\u2019un architecte de renom pour ancrer son nom dans les ann\u00e9es 2020. En effet, <strong>Rudy Ricciotti (auquel l\u2019on doit notamment le <em>M.U.C.E.M<\/em> marseillais cit\u00e9 dans la premi\u00e8re partie de cet article) est aux commandes d\u2019un futur \u00e9difice de 25 000 m\u00e8tres carr\u00e9s<\/strong>, \u00e0 cheval entre le XIXe arrondissement de Paris et la commune d\u2019Aubervilliers. Dans le cadre de cette ancienne friche industrielle, la marque rassemblera l\u2019int\u00e9gralit\u00e9 des artisans de la Maison Chanel. Mais \u00e0 quoi ressemblera cet ambassadeur du glamour fran\u00e7ais\u00a0? Sur <strong>cinq \u00e9tages et deux sous-sols, un majestueux et gracile tissage de b\u00e9ton<\/strong> stylisera ce temple du savoir-faire fran\u00e7ais. Une dentelle de b\u00e9ton qui viendra sans nul doute magnifier le paysage parisien et servir d\u2019\u00e9crin de choix pour les plus belles cr\u00e9ations de la maison Chanel \u2026<\/p>\n<h2>Le Technopark d\u2019Angoul\u00e8me.<\/h2>\n<p>De la r\u00e9sille de b\u00e9ton toujours, mais cette fois-ci c\u2019est le <strong>cabinet <em>Greenwich0013 Architects<\/em><\/strong> qui a remport\u00e9 l\u2019appel d\u2019offre d\u2019un b\u00e2timent pas comme les autres. En effet, le <strong>Technopark d\u2019Angoul\u00e8me<\/strong> est consid\u00e9r\u00e9 par beaucoup comme venu tout droit du futur. Il aura d\u2019ailleurs pour fonction principale <strong>d\u2019accueillir des entreprises de d\u00e9veloppement, sp\u00e9cialis\u00e9es en cr\u00e9ation de produits innovants<\/strong>. Son petit plus\u00a0? Ses locaux seront en fait un ensemble de cellules hyper modulables qui contribueront \u00e0 favoriser les \u00e9changes. Le tout sous une <strong>superbe r\u00e9sille, aux motifs inspir\u00e9s d\u2019algorithmes de formules math\u00e9matiques<\/strong>. 3000 m2 en somme d\u00e9di\u00e9s \u00e0 l\u2019invention, \u00e0 la cr\u00e9ation et au progr\u00e8s \u2026 Et qui n\u2019ont probablement pas termin\u00e9 de faire parler d\u2019eux\u00a0!<\/p>\n<p>D\u00e8s lors, \u00e0 <strong>b\u00e2timents d\u2019exception\u00a0; fa\u00e7ades d\u2019exception<\/strong>. Et pour ce faire, la r\u00e9sille de b\u00e9ton a tout bon\u00a0!<\/p>\n<p><em>Cet article est une contribution libre r\u00e9dig\u00e9e par un auteur partenaire et non par la soci\u00e9t\u00e9 elle-m\u00eame.<\/em><\/p>\n","protected":false},"excerpt":{"rendered":"<p>Po\u00e9tiques, \u00e9th\u00e9r\u00e9es, d\u00e9licates ; les r\u00e9silles de b\u00e9ton ont le vent en poupe dans le monde architectural.<\/p>\n","protected":false},"author":2,"featured_media":3967,"comment_status":"closed","ping_status":"closed","sticky":false,"template":"","format":"standard","meta":{"footnotes":""},"categories":[25],"tags":[],"class_list":["post-3966","post","type-post","status-publish","format-standard","has-post-thumbnail","hentry","category-divers"],"yoast_head":"<!-- This site is optimized with the Yoast SEO plugin v26.9 - https:\/\/yoast.com\/product\/yoast-seo-wordpress\/ -->\n<title>3 b\u00e2timents c\u00e9l\u00e8bres arborant la r\u00e9sille de b\u00e9ton - Partie 2\/2<\/title>\n<meta name=\"robots\" content=\"index, follow, max-snippet:-1, max-image-preview:large, max-video-preview:-1\" \/>\n<link rel=\"canonical\" href=\"https:\/\/france-resille.com\/en\/3-batiments-celebres-arborant-la-resille-de-beton-partie-2-2\/\" \/>\n<meta property=\"og:locale\" content=\"en_US\" \/>\n<meta property=\"og:type\" content=\"article\" \/>\n<meta property=\"og:title\" content=\"3 b\u00e2timents c\u00e9l\u00e8bres arborant la r\u00e9sille de b\u00e9ton - Partie 2\/2\" \/>\n<meta property=\"og:description\" content=\"Po\u00e9tiques, \u00e9th\u00e9r\u00e9es, d\u00e9licates ; les r\u00e9silles de b\u00e9ton ont le vent en poupe dans le monde architectural.\" \/>\n<meta property=\"og:url\" content=\"https:\/\/france-resille.com\/en\/3-batiments-celebres-arborant-la-resille-de-beton-partie-2-2\/\" \/>\n<meta property=\"og:site_name\" content=\"France R\u00e9sille\" \/>\n<meta property=\"article:published_time\" content=\"2020-09-15T14:14:14+00:00\" \/>\n<meta property=\"article:modified_time\" content=\"2024-12-16T13:53:55+00:00\" \/>\n<meta property=\"og:image\" content=\"https:\/\/france-resille.com\/wp-content\/uploads\/2020\/09\/building-927105_1920.jpg\" \/>\n\t<meta property=\"og:image:width\" content=\"1920\" \/>\n\t<meta property=\"og:image:height\" content=\"1280\" \/>\n\t<meta property=\"og:image:type\" content=\"image\/jpeg\" \/>\n<meta name=\"author\" content=\"Auteur1\" \/>\n<meta name=\"twitter:label1\" content=\"Written by\" \/>\n\t<meta name=\"twitter:data1\" content=\"Auteur1\" \/>\n\t<meta name=\"twitter:label2\" content=\"Est. reading time\" \/>\n\t<meta name=\"twitter:data2\" content=\"3 minutes\" \/>\n<script type=\"application\/ld+json\" class=\"yoast-schema-graph\">{\"@context\":\"https:\/\/schema.org\",\"@graph\":[{\"@type\":\"Article\",\"@id\":\"https:\/\/france-resille.com\/en\/3-batiments-celebres-arborant-la-resille-de-beton-partie-2-2\/#article\",\"isPartOf\":{\"@id\":\"https:\/\/france-resille.com\/en\/3-batiments-celebres-arborant-la-resille-de-beton-partie-2-2\/\"},\"author\":{\"name\":\"Auteur1\",\"@id\":\"https:\/\/france-resille.com\/en\/#\/schema\/person\/a0defa8635d5641180e9c552bb3ecf89\"},\"headline\":\"3 b\u00e2timents c\u00e9l\u00e8bres arborant la r\u00e9sille de b\u00e9ton &#8211; Partie 2\/2\",\"datePublished\":\"2020-09-15T14:14:14+00:00\",\"dateModified\":\"2024-12-16T13:53:55+00:00\",\"mainEntityOfPage\":{\"@id\":\"https:\/\/france-resille.com\/en\/3-batiments-celebres-arborant-la-resille-de-beton-partie-2-2\/\"},\"wordCount\":491,\"image\":{\"@id\":\"https:\/\/france-resille.com\/en\/3-batiments-celebres-arborant-la-resille-de-beton-partie-2-2\/#primaryimage\"},\"thumbnailUrl\":\"https:\/\/france-resille.com\/wp-content\/uploads\/2020\/09\/building-927105_1920.jpg\",\"articleSection\":[\"Divers\"],\"inLanguage\":\"en-US\"},{\"@type\":\"WebPage\",\"@id\":\"https:\/\/france-resille.com\/en\/3-batiments-celebres-arborant-la-resille-de-beton-partie-2-2\/\",\"url\":\"https:\/\/france-resille.com\/en\/3-batiments-celebres-arborant-la-resille-de-beton-partie-2-2\/\",\"name\":\"3 b\u00e2timents c\u00e9l\u00e8bres arborant la r\u00e9sille de b\u00e9ton - Partie 2\/2\",\"isPartOf\":{\"@id\":\"https:\/\/france-resille.com\/en\/#website\"},\"primaryImageOfPage\":{\"@id\":\"https:\/\/france-resille.com\/en\/3-batiments-celebres-arborant-la-resille-de-beton-partie-2-2\/#primaryimage\"},\"image\":{\"@id\":\"https:\/\/france-resille.com\/en\/3-batiments-celebres-arborant-la-resille-de-beton-partie-2-2\/#primaryimage\"},\"thumbnailUrl\":\"https:\/\/france-resille.com\/wp-content\/uploads\/2020\/09\/building-927105_1920.jpg\",\"datePublished\":\"2020-09-15T14:14:14+00:00\",\"dateModified\":\"2024-12-16T13:53:55+00:00\",\"author\":{\"@id\":\"https:\/\/france-resille.com\/en\/#\/schema\/person\/a0defa8635d5641180e9c552bb3ecf89\"},\"breadcrumb\":{\"@id\":\"https:\/\/france-resille.com\/en\/3-batiments-celebres-arborant-la-resille-de-beton-partie-2-2\/#breadcrumb\"},\"inLanguage\":\"en-US\",\"potentialAction\":[{\"@type\":\"ReadAction\",\"target\":[\"https:\/\/france-resille.com\/en\/3-batiments-celebres-arborant-la-resille-de-beton-partie-2-2\/\"]}]},{\"@type\":\"ImageObject\",\"inLanguage\":\"en-US\",\"@id\":\"https:\/\/france-resille.com\/en\/3-batiments-celebres-arborant-la-resille-de-beton-partie-2-2\/#primaryimage\",\"url\":\"https:\/\/france-resille.com\/wp-content\/uploads\/2020\/09\/building-927105_1920.jpg\",\"contentUrl\":\"https:\/\/france-resille.com\/wp-content\/uploads\/2020\/09\/building-927105_1920.jpg\",\"width\":1920,\"height\":1280,\"caption\":\"B\u00e2timent moderne avec r\u00e9sille de b\u00e9ton\"},{\"@type\":\"BreadcrumbList\",\"@id\":\"https:\/\/france-resille.com\/en\/3-batiments-celebres-arborant-la-resille-de-beton-partie-2-2\/#breadcrumb\",\"itemListElement\":[{\"@type\":\"ListItem\",\"position\":1,\"name\":\"Accueil\",\"item\":\"https:\/\/france-resille.com\/en\/home\/\"},{\"@type\":\"ListItem\",\"position\":2,\"name\":\"3 b\u00e2timents c\u00e9l\u00e8bres arborant la r\u00e9sille de b\u00e9ton &#8211; Partie 2\/2\"}]},{\"@type\":\"WebSite\",\"@id\":\"https:\/\/france-resille.com\/en\/#website\",\"url\":\"https:\/\/france-resille.com\/en\/\",\"name\":\"France R\u00e9sille\",\"description\":\"R\u00e9alisation de grille, pare soleil, fa\u00e7ade \u00e0 partir de mat\u00e9riaux d\u00e9coup\u00e9s\",\"potentialAction\":[{\"@type\":\"SearchAction\",\"target\":{\"@type\":\"EntryPoint\",\"urlTemplate\":\"https:\/\/france-resille.com\/en\/?s={search_term_string}\"},\"query-input\":{\"@type\":\"PropertyValueSpecification\",\"valueRequired\":true,\"valueName\":\"search_term_string\"}}],\"inLanguage\":\"en-US\"},{\"@type\":\"Person\",\"@id\":\"https:\/\/france-resille.com\/en\/#\/schema\/person\/a0defa8635d5641180e9c552bb3ecf89\",\"name\":\"Auteur1\",\"image\":{\"@type\":\"ImageObject\",\"inLanguage\":\"en-US\",\"@id\":\"https:\/\/france-resille.com\/en\/#\/schema\/person\/image\/\",\"url\":\"https:\/\/secure.gravatar.com\/avatar\/0f87935fa444a38263f35aecd324d5c7126d26bbb4f0b3dfdc641da352df7828?s=96&d=mm&r=g\",\"contentUrl\":\"https:\/\/secure.gravatar.com\/avatar\/0f87935fa444a38263f35aecd324d5c7126d26bbb4f0b3dfdc641da352df7828?s=96&d=mm&r=g\",\"caption\":\"Auteur1\"}}]}<\/script>\n<!-- \/ Yoast SEO plugin. -->","yoast_head_json":{"title":"3 b\u00e2timents c\u00e9l\u00e8bres arborant la r\u00e9sille de b\u00e9ton - Partie 2\/2","robots":{"index":"index","follow":"follow","max-snippet":"max-snippet:-1","max-image-preview":"max-image-preview:large","max-video-preview":"max-video-preview:-1"},"canonical":"https:\/\/france-resille.com\/en\/3-batiments-celebres-arborant-la-resille-de-beton-partie-2-2\/","og_locale":"en_US","og_type":"article","og_title":"3 b\u00e2timents c\u00e9l\u00e8bres arborant la r\u00e9sille de b\u00e9ton - Partie 2\/2","og_description":"Po\u00e9tiques, \u00e9th\u00e9r\u00e9es, d\u00e9licates ; les r\u00e9silles de b\u00e9ton ont le vent en poupe dans le monde architectural.","og_url":"https:\/\/france-resille.com\/en\/3-batiments-celebres-arborant-la-resille-de-beton-partie-2-2\/","og_site_name":"France R\u00e9sille","article_published_time":"2020-09-15T14:14:14+00:00","article_modified_time":"2024-12-16T13:53:55+00:00","og_image":[{"width":1920,"height":1280,"url":"https:\/\/france-resille.com\/wp-content\/uploads\/2020\/09\/building-927105_1920.jpg","type":"image\/jpeg"}],"author":"Auteur1","twitter_misc":{"Written by":"Auteur1","Est. reading time":"3 minutes"},"schema":{"@context":"https:\/\/schema.org","@graph":[{"@type":"Article","@id":"https:\/\/france-resille.com\/en\/3-batiments-celebres-arborant-la-resille-de-beton-partie-2-2\/#article","isPartOf":{"@id":"https:\/\/france-resille.com\/en\/3-batiments-celebres-arborant-la-resille-de-beton-partie-2-2\/"},"author":{"name":"Auteur1","@id":"https:\/\/france-resille.com\/en\/#\/schema\/person\/a0defa8635d5641180e9c552bb3ecf89"},"headline":"3 b\u00e2timents c\u00e9l\u00e8bres arborant la r\u00e9sille de b\u00e9ton &#8211; Partie 2\/2","datePublished":"2020-09-15T14:14:14+00:00","dateModified":"2024-12-16T13:53:55+00:00","mainEntityOfPage":{"@id":"https:\/\/france-resille.com\/en\/3-batiments-celebres-arborant-la-resille-de-beton-partie-2-2\/"},"wordCount":491,"image":{"@id":"https:\/\/france-resille.com\/en\/3-batiments-celebres-arborant-la-resille-de-beton-partie-2-2\/#primaryimage"},"thumbnailUrl":"https:\/\/france-resille.com\/wp-content\/uploads\/2020\/09\/building-927105_1920.jpg","articleSection":["Divers"],"inLanguage":"en-US"},{"@type":"WebPage","@id":"https:\/\/france-resille.com\/en\/3-batiments-celebres-arborant-la-resille-de-beton-partie-2-2\/","url":"https:\/\/france-resille.com\/en\/3-batiments-celebres-arborant-la-resille-de-beton-partie-2-2\/","name":"3 b\u00e2timents c\u00e9l\u00e8bres arborant la r\u00e9sille de b\u00e9ton - Partie 2\/2","isPartOf":{"@id":"https:\/\/france-resille.com\/en\/#website"},"primaryImageOfPage":{"@id":"https:\/\/france-resille.com\/en\/3-batiments-celebres-arborant-la-resille-de-beton-partie-2-2\/#primaryimage"},"image":{"@id":"https:\/\/france-resille.com\/en\/3-batiments-celebres-arborant-la-resille-de-beton-partie-2-2\/#primaryimage"},"thumbnailUrl":"https:\/\/france-resille.com\/wp-content\/uploads\/2020\/09\/building-927105_1920.jpg","datePublished":"2020-09-15T14:14:14+00:00","dateModified":"2024-12-16T13:53:55+00:00","author":{"@id":"https:\/\/france-resille.com\/en\/#\/schema\/person\/a0defa8635d5641180e9c552bb3ecf89"},"breadcrumb":{"@id":"https:\/\/france-resille.com\/en\/3-batiments-celebres-arborant-la-resille-de-beton-partie-2-2\/#breadcrumb"},"inLanguage":"en-US","potentialAction":[{"@type":"ReadAction","target":["https:\/\/france-resille.com\/en\/3-batiments-celebres-arborant-la-resille-de-beton-partie-2-2\/"]}]},{"@type":"ImageObject","inLanguage":"en-US","@id":"https:\/\/france-resille.com\/en\/3-batiments-celebres-arborant-la-resille-de-beton-partie-2-2\/#primaryimage","url":"https:\/\/france-resille.com\/wp-content\/uploads\/2020\/09\/building-927105_1920.jpg","contentUrl":"https:\/\/france-resille.com\/wp-content\/uploads\/2020\/09\/building-927105_1920.jpg","width":1920,"height":1280,"caption":"B\u00e2timent moderne avec r\u00e9sille de b\u00e9ton"},{"@type":"BreadcrumbList","@id":"https:\/\/france-resille.com\/en\/3-batiments-celebres-arborant-la-resille-de-beton-partie-2-2\/#breadcrumb","itemListElement":[{"@type":"ListItem","position":1,"name":"Accueil","item":"https:\/\/france-resille.com\/en\/home\/"},{"@type":"ListItem","position":2,"name":"3 b\u00e2timents c\u00e9l\u00e8bres arborant la r\u00e9sille de b\u00e9ton &#8211; Partie 2\/2"}]},{"@type":"WebSite","@id":"https:\/\/france-resille.com\/en\/#website","url":"https:\/\/france-resille.com\/en\/","name":"France R\u00e9sille","description":"R\u00e9alisation de grille, pare soleil, fa\u00e7ade \u00e0 partir de mat\u00e9riaux d\u00e9coup\u00e9s","potentialAction":[{"@type":"SearchAction","target":{"@type":"EntryPoint","urlTemplate":"https:\/\/france-resille.com\/en\/?s={search_term_string}"},"query-input":{"@type":"PropertyValueSpecification","valueRequired":true,"valueName":"search_term_string"}}],"inLanguage":"en-US"},{"@type":"Person","@id":"https:\/\/france-resille.com\/en\/#\/schema\/person\/a0defa8635d5641180e9c552bb3ecf89","name":"Auteur1","image":{"@type":"ImageObject","inLanguage":"en-US","@id":"https:\/\/france-resille.com\/en\/#\/schema\/person\/image\/","url":"https:\/\/secure.gravatar.com\/avatar\/0f87935fa444a38263f35aecd324d5c7126d26bbb4f0b3dfdc641da352df7828?s=96&d=mm&r=g","contentUrl":"https:\/\/secure.gravatar.com\/avatar\/0f87935fa444a38263f35aecd324d5c7126d26bbb4f0b3dfdc641da352df7828?s=96&d=mm&r=g","caption":"Auteur1"}}]}},"_links":{"self":[{"href":"https:\/\/france-resille.com\/en\/wp-json\/wp\/v2\/posts\/3966","targetHints":{"allow":["GET"]}}],"collection":[{"href":"https:\/\/france-resille.com\/en\/wp-json\/wp\/v2\/posts"}],"about":[{"href":"https:\/\/france-resille.com\/en\/wp-json\/wp\/v2\/types\/post"}],"author":[{"embeddable":true,"href":"https:\/\/france-resille.com\/en\/wp-json\/wp\/v2\/users\/2"}],"replies":[{"embeddable":true,"href":"https:\/\/france-resille.com\/en\/wp-json\/wp\/v2\/comments?post=3966"}],"version-history":[{"count":0,"href":"https:\/\/france-resille.com\/en\/wp-json\/wp\/v2\/posts\/3966\/revisions"}],"wp:featuredmedia":[{"embeddable":true,"href":"https:\/\/france-resille.com\/en\/wp-json\/wp\/v2\/media\/3967"}],"wp:attachment":[{"href":"https:\/\/france-resille.com\/en\/wp-json\/wp\/v2\/media?parent=3966"}],"wp:term":[{"taxonomy":"category","embeddable":true,"href":"https:\/\/france-resille.com\/en\/wp-json\/wp\/v2\/categories?post=3966"},{"taxonomy":"post_tag","embeddable":true,"href":"https:\/\/france-resille.com\/en\/wp-json\/wp\/v2\/tags?post=3966"}],"curies":[{"name":"wp","href":"https:\/\/api.w.org\/{rel}","templated":true}]}}