{"id":3958,"date":"2020-05-27T16:08:29","date_gmt":"2020-05-27T14:08:29","guid":{"rendered":"https:\/\/france-resille.com\/?p=3958"},"modified":"2024-12-16T15:06:02","modified_gmt":"2024-12-16T14:06:02","slug":"3-batiments-celebres-arborant-la-resille-de-beton-partie-1-2","status":"publish","type":"post","link":"https:\/\/france-resille.com\/en\/3-batiments-celebres-arborant-la-resille-de-beton-partie-1-2\/","title":{"rendered":"3 b\u00e2timents c\u00e9l\u00e8bres arborant la r\u00e9sille de b\u00e9ton &#8211; Partie 1\/2"},"content":{"rendered":"<p>Incontestablement, l\u2019heure est \u00e0 l\u2019audace et \u00e0 la po\u00e9sie en mati\u00e8re d\u2019architecture urbaine. <!--more-->Et de plus en plus de b\u00e2timents se voient par\u00e9s d\u2019une fa\u00e7ade semblable \u00e0 un v\u00e9ritable bijou, laquelle vient offrir une touche <em>design<\/em> et \u00e9l\u00e9gante au paysage environnant. Or, en la mati\u00e8re, c\u2019est tr\u00e8s probablement la r\u00e9sille en b\u00e9ton qui est la plus pris\u00e9e. Ce qui est du reste ais\u00e9ment compr\u00e9hensible puisque cette enveloppe stylis\u00e9e s\u2019av\u00e8re \u00eatre une construction aussi d\u00e9licate que sophistiqu\u00e9e. Tout en offrant une belle modernit\u00e9 aux \u00e9difices qui en sont par\u00e9s \u2026 Et parmi ces b\u00e2timents en habits de gala se trouvent quelques petites merveilles qui en laisseront plus d\u2019un bouche-b\u00e9e \u2026<\/p>\n<p>Focus sur quelques unes de ces cr\u00e9ations novatrices et f\u00e9\u00e9riques.<\/p>\n<h2>Le MUCEM.<\/h2>\n<p>En premier lieu, lorsque l\u2019on parle de fa\u00e7ade en r\u00e9sille de b\u00e9ton\u00a0; il est impossible de ne pas \u00e9voquer le MUCEM marseillais\u00a0! Car ce <em>Mus\u00e9e des Civilisations de l\u2019Europe et de la M\u00e9diterran\u00e9e<\/em> arbore l\u2019un des exemples les plus connus de ce drapage distingu\u00e9. Ouvert en Juin 2013, il s\u2019agit en r\u00e9alit\u00e9 d\u2019un ensemble de trois b\u00e2timents bien distincts. A savoir le Fort Saint-Jean, le Centre de Conservation et de Ressource et le J4. Le tout reli\u00e9 par un jeu de passerelles. Et si le Fort Saint Jean apporte \u00e0 l\u2019ensemble la beaut\u00e9 brute et surann\u00e9e d\u2019un ouvrage militaire du XIII\u00e8me si\u00e8cle\u00a0; le J4 lui est garant de la contemporan\u00e9it\u00e9 du lieu avec sa forme cubique et la magistrale r\u00e9sille de b\u00e9ton fibr\u00e9 qui l\u2019entoure. Car affichant un motif inspir\u00e9 des coraux et fonds marins, ce petit chef-d\u2019\u0153uvre sign\u00e9 Rudy Ricciotti est reconnaissable de loin et apporte au MUCEM toute son originalit\u00e9. Un spectacle s\u2019av\u00e8re d\u2019autant plus enchanteur \u00e0 la nuit tomb\u00e9e, lorsque la sublime fa\u00e7ade est mise en lumi\u00e8re pour renforcer l\u2019aspect enchanteur de ce b\u00e2timent \u00e0 flanc de mer \u2026 Tel un phare fantaisiste dans la nuit marseillaise\u00a0; le MUCEM intrigue et fascine. Et fait le bonheur des photographes, confirm\u00e9s ou amateurs\u00a0!<\/p>\n<p>Pour autant, et si le MUCEM est incontestablement l\u2019un des plus c\u00e9l\u00e8bres, d\u2019autres constructions ont \u00e9galement rev\u00eatu l\u2019une de ces r\u00e9silles a\u00e9riennes et avant-gardistes \u2026 Et laissent planer leur charme b\u00e9tonn\u00e9 sur les villes de demain \u2026<br \/>\nD\u00e8s lors, rendez-vous tr\u00e8s prochainement pour d\u00e9couvrir ces petits joyaux d\u2019architecture arty\u00a0; dans le sud ou ailleurs.<\/p>\n<p><em>Cet article est une contribution libre r\u00e9dig\u00e9e par un auteur partenaire et non par la soci\u00e9t\u00e9 elle-m\u00eame.<\/em><\/p>\n","protected":false},"excerpt":{"rendered":"<p>Incontestablement, l\u2019heure est \u00e0 l\u2019audace et \u00e0 la po\u00e9sie en mati\u00e8re d\u2019architecture urbaine.<\/p>\n","protected":false},"author":2,"featured_media":6272,"comment_status":"closed","ping_status":"closed","sticky":false,"template":"","format":"standard","meta":{"footnotes":""},"categories":[25],"tags":[],"class_list":["post-3958","post","type-post","status-publish","format-standard","has-post-thumbnail","hentry","category-divers"],"yoast_head":"<!-- This site is optimized with the Yoast SEO plugin v26.9 - https:\/\/yoast.com\/product\/yoast-seo-wordpress\/ -->\n<title>3 b\u00e2timents c\u00e9l\u00e8bres arborant la r\u00e9sille de b\u00e9ton - Partie 1\/2<\/title>\n<meta name=\"robots\" content=\"index, follow, max-snippet:-1, max-image-preview:large, max-video-preview:-1\" \/>\n<link rel=\"canonical\" href=\"https:\/\/france-resille.com\/en\/3-batiments-celebres-arborant-la-resille-de-beton-partie-1-2\/\" \/>\n<meta property=\"og:locale\" content=\"en_US\" \/>\n<meta property=\"og:type\" content=\"article\" \/>\n<meta property=\"og:title\" content=\"3 b\u00e2timents c\u00e9l\u00e8bres arborant la r\u00e9sille de b\u00e9ton - Partie 1\/2\" \/>\n<meta property=\"og:description\" content=\"Incontestablement, l\u2019heure est \u00e0 l\u2019audace et \u00e0 la po\u00e9sie en mati\u00e8re d\u2019architecture urbaine.\" \/>\n<meta property=\"og:url\" content=\"https:\/\/france-resille.com\/en\/3-batiments-celebres-arborant-la-resille-de-beton-partie-1-2\/\" \/>\n<meta property=\"og:site_name\" content=\"France R\u00e9sille\" \/>\n<meta property=\"article:published_time\" content=\"2020-05-27T14:08:29+00:00\" \/>\n<meta property=\"article:modified_time\" content=\"2024-12-16T14:06:02+00:00\" \/>\n<meta property=\"og:image\" content=\"https:\/\/france-resille.com\/wp-content\/uploads\/2020\/05\/resille-noire.webp\" \/>\n\t<meta property=\"og:image:width\" content=\"1024\" \/>\n\t<meta property=\"og:image:height\" content=\"1024\" \/>\n\t<meta property=\"og:image:type\" content=\"image\/webp\" \/>\n<meta name=\"author\" content=\"Auteur1\" \/>\n<meta name=\"twitter:label1\" content=\"Written by\" \/>\n\t<meta name=\"twitter:data1\" content=\"Auteur1\" \/>\n\t<meta name=\"twitter:label2\" content=\"Est. reading time\" \/>\n\t<meta name=\"twitter:data2\" content=\"3 minutes\" \/>\n<script type=\"application\/ld+json\" class=\"yoast-schema-graph\">{\"@context\":\"https:\/\/schema.org\",\"@graph\":[{\"@type\":\"Article\",\"@id\":\"https:\/\/france-resille.com\/en\/3-batiments-celebres-arborant-la-resille-de-beton-partie-1-2\/#article\",\"isPartOf\":{\"@id\":\"https:\/\/france-resille.com\/en\/3-batiments-celebres-arborant-la-resille-de-beton-partie-1-2\/\"},\"author\":{\"name\":\"Auteur1\",\"@id\":\"https:\/\/france-resille.com\/en\/#\/schema\/person\/a0defa8635d5641180e9c552bb3ecf89\"},\"headline\":\"3 b\u00e2timents c\u00e9l\u00e8bres arborant la r\u00e9sille de b\u00e9ton &#8211; Partie 1\/2\",\"datePublished\":\"2020-05-27T14:08:29+00:00\",\"dateModified\":\"2024-12-16T14:06:02+00:00\",\"mainEntityOfPage\":{\"@id\":\"https:\/\/france-resille.com\/en\/3-batiments-celebres-arborant-la-resille-de-beton-partie-1-2\/\"},\"wordCount\":477,\"image\":{\"@id\":\"https:\/\/france-resille.com\/en\/3-batiments-celebres-arborant-la-resille-de-beton-partie-1-2\/#primaryimage\"},\"thumbnailUrl\":\"https:\/\/france-resille.com\/wp-content\/uploads\/2020\/05\/resille-noire.webp\",\"articleSection\":[\"Divers\"],\"inLanguage\":\"en-US\"},{\"@type\":\"WebPage\",\"@id\":\"https:\/\/france-resille.com\/en\/3-batiments-celebres-arborant-la-resille-de-beton-partie-1-2\/\",\"url\":\"https:\/\/france-resille.com\/en\/3-batiments-celebres-arborant-la-resille-de-beton-partie-1-2\/\",\"name\":\"3 b\u00e2timents c\u00e9l\u00e8bres arborant la r\u00e9sille de b\u00e9ton - Partie 1\/2\",\"isPartOf\":{\"@id\":\"https:\/\/france-resille.com\/en\/#website\"},\"primaryImageOfPage\":{\"@id\":\"https:\/\/france-resille.com\/en\/3-batiments-celebres-arborant-la-resille-de-beton-partie-1-2\/#primaryimage\"},\"image\":{\"@id\":\"https:\/\/france-resille.com\/en\/3-batiments-celebres-arborant-la-resille-de-beton-partie-1-2\/#primaryimage\"},\"thumbnailUrl\":\"https:\/\/france-resille.com\/wp-content\/uploads\/2020\/05\/resille-noire.webp\",\"datePublished\":\"2020-05-27T14:08:29+00:00\",\"dateModified\":\"2024-12-16T14:06:02+00:00\",\"author\":{\"@id\":\"https:\/\/france-resille.com\/en\/#\/schema\/person\/a0defa8635d5641180e9c552bb3ecf89\"},\"breadcrumb\":{\"@id\":\"https:\/\/france-resille.com\/en\/3-batiments-celebres-arborant-la-resille-de-beton-partie-1-2\/#breadcrumb\"},\"inLanguage\":\"en-US\",\"potentialAction\":[{\"@type\":\"ReadAction\",\"target\":[\"https:\/\/france-resille.com\/en\/3-batiments-celebres-arborant-la-resille-de-beton-partie-1-2\/\"]}]},{\"@type\":\"ImageObject\",\"inLanguage\":\"en-US\",\"@id\":\"https:\/\/france-resille.com\/en\/3-batiments-celebres-arborant-la-resille-de-beton-partie-1-2\/#primaryimage\",\"url\":\"https:\/\/france-resille.com\/wp-content\/uploads\/2020\/05\/resille-noire.webp\",\"contentUrl\":\"https:\/\/france-resille.com\/wp-content\/uploads\/2020\/05\/resille-noire.webp\",\"width\":1024,\"height\":1024,\"caption\":\"Photographie r\u00e9aliste d'une fa\u00e7ade contemporaine int\u00e9grant une r\u00e9sille de b\u00e9ton noire aux motifs g\u00e9om\u00e9triques complexes, offrant une esth\u00e9tique sophistiqu\u00e9e et une fonctionnalit\u00e9 de ventilation dans un environnement urbain moderne\"},{\"@type\":\"BreadcrumbList\",\"@id\":\"https:\/\/france-resille.com\/en\/3-batiments-celebres-arborant-la-resille-de-beton-partie-1-2\/#breadcrumb\",\"itemListElement\":[{\"@type\":\"ListItem\",\"position\":1,\"name\":\"Accueil\",\"item\":\"https:\/\/france-resille.com\/en\/home\/\"},{\"@type\":\"ListItem\",\"position\":2,\"name\":\"3 b\u00e2timents c\u00e9l\u00e8bres arborant la r\u00e9sille de b\u00e9ton &#8211; Partie 1\/2\"}]},{\"@type\":\"WebSite\",\"@id\":\"https:\/\/france-resille.com\/en\/#website\",\"url\":\"https:\/\/france-resille.com\/en\/\",\"name\":\"France R\u00e9sille\",\"description\":\"R\u00e9alisation de grille, pare soleil, fa\u00e7ade \u00e0 partir de mat\u00e9riaux d\u00e9coup\u00e9s\",\"potentialAction\":[{\"@type\":\"SearchAction\",\"target\":{\"@type\":\"EntryPoint\",\"urlTemplate\":\"https:\/\/france-resille.com\/en\/?s={search_term_string}\"},\"query-input\":{\"@type\":\"PropertyValueSpecification\",\"valueRequired\":true,\"valueName\":\"search_term_string\"}}],\"inLanguage\":\"en-US\"},{\"@type\":\"Person\",\"@id\":\"https:\/\/france-resille.com\/en\/#\/schema\/person\/a0defa8635d5641180e9c552bb3ecf89\",\"name\":\"Auteur1\",\"image\":{\"@type\":\"ImageObject\",\"inLanguage\":\"en-US\",\"@id\":\"https:\/\/france-resille.com\/en\/#\/schema\/person\/image\/\",\"url\":\"https:\/\/secure.gravatar.com\/avatar\/0f87935fa444a38263f35aecd324d5c7126d26bbb4f0b3dfdc641da352df7828?s=96&d=mm&r=g\",\"contentUrl\":\"https:\/\/secure.gravatar.com\/avatar\/0f87935fa444a38263f35aecd324d5c7126d26bbb4f0b3dfdc641da352df7828?s=96&d=mm&r=g\",\"caption\":\"Auteur1\"}}]}<\/script>\n<!-- \/ Yoast SEO plugin. -->","yoast_head_json":{"title":"3 b\u00e2timents c\u00e9l\u00e8bres arborant la r\u00e9sille de b\u00e9ton - Partie 1\/2","robots":{"index":"index","follow":"follow","max-snippet":"max-snippet:-1","max-image-preview":"max-image-preview:large","max-video-preview":"max-video-preview:-1"},"canonical":"https:\/\/france-resille.com\/en\/3-batiments-celebres-arborant-la-resille-de-beton-partie-1-2\/","og_locale":"en_US","og_type":"article","og_title":"3 b\u00e2timents c\u00e9l\u00e8bres arborant la r\u00e9sille de b\u00e9ton - Partie 1\/2","og_description":"Incontestablement, l\u2019heure est \u00e0 l\u2019audace et \u00e0 la po\u00e9sie en mati\u00e8re d\u2019architecture urbaine.","og_url":"https:\/\/france-resille.com\/en\/3-batiments-celebres-arborant-la-resille-de-beton-partie-1-2\/","og_site_name":"France R\u00e9sille","article_published_time":"2020-05-27T14:08:29+00:00","article_modified_time":"2024-12-16T14:06:02+00:00","og_image":[{"width":1024,"height":1024,"url":"https:\/\/france-resille.com\/wp-content\/uploads\/2020\/05\/resille-noire.webp","type":"image\/webp"}],"author":"Auteur1","twitter_misc":{"Written by":"Auteur1","Est. reading time":"3 minutes"},"schema":{"@context":"https:\/\/schema.org","@graph":[{"@type":"Article","@id":"https:\/\/france-resille.com\/en\/3-batiments-celebres-arborant-la-resille-de-beton-partie-1-2\/#article","isPartOf":{"@id":"https:\/\/france-resille.com\/en\/3-batiments-celebres-arborant-la-resille-de-beton-partie-1-2\/"},"author":{"name":"Auteur1","@id":"https:\/\/france-resille.com\/en\/#\/schema\/person\/a0defa8635d5641180e9c552bb3ecf89"},"headline":"3 b\u00e2timents c\u00e9l\u00e8bres arborant la r\u00e9sille de b\u00e9ton &#8211; Partie 1\/2","datePublished":"2020-05-27T14:08:29+00:00","dateModified":"2024-12-16T14:06:02+00:00","mainEntityOfPage":{"@id":"https:\/\/france-resille.com\/en\/3-batiments-celebres-arborant-la-resille-de-beton-partie-1-2\/"},"wordCount":477,"image":{"@id":"https:\/\/france-resille.com\/en\/3-batiments-celebres-arborant-la-resille-de-beton-partie-1-2\/#primaryimage"},"thumbnailUrl":"https:\/\/france-resille.com\/wp-content\/uploads\/2020\/05\/resille-noire.webp","articleSection":["Divers"],"inLanguage":"en-US"},{"@type":"WebPage","@id":"https:\/\/france-resille.com\/en\/3-batiments-celebres-arborant-la-resille-de-beton-partie-1-2\/","url":"https:\/\/france-resille.com\/en\/3-batiments-celebres-arborant-la-resille-de-beton-partie-1-2\/","name":"3 b\u00e2timents c\u00e9l\u00e8bres arborant la r\u00e9sille de b\u00e9ton - Partie 1\/2","isPartOf":{"@id":"https:\/\/france-resille.com\/en\/#website"},"primaryImageOfPage":{"@id":"https:\/\/france-resille.com\/en\/3-batiments-celebres-arborant-la-resille-de-beton-partie-1-2\/#primaryimage"},"image":{"@id":"https:\/\/france-resille.com\/en\/3-batiments-celebres-arborant-la-resille-de-beton-partie-1-2\/#primaryimage"},"thumbnailUrl":"https:\/\/france-resille.com\/wp-content\/uploads\/2020\/05\/resille-noire.webp","datePublished":"2020-05-27T14:08:29+00:00","dateModified":"2024-12-16T14:06:02+00:00","author":{"@id":"https:\/\/france-resille.com\/en\/#\/schema\/person\/a0defa8635d5641180e9c552bb3ecf89"},"breadcrumb":{"@id":"https:\/\/france-resille.com\/en\/3-batiments-celebres-arborant-la-resille-de-beton-partie-1-2\/#breadcrumb"},"inLanguage":"en-US","potentialAction":[{"@type":"ReadAction","target":["https:\/\/france-resille.com\/en\/3-batiments-celebres-arborant-la-resille-de-beton-partie-1-2\/"]}]},{"@type":"ImageObject","inLanguage":"en-US","@id":"https:\/\/france-resille.com\/en\/3-batiments-celebres-arborant-la-resille-de-beton-partie-1-2\/#primaryimage","url":"https:\/\/france-resille.com\/wp-content\/uploads\/2020\/05\/resille-noire.webp","contentUrl":"https:\/\/france-resille.com\/wp-content\/uploads\/2020\/05\/resille-noire.webp","width":1024,"height":1024,"caption":"Photographie r\u00e9aliste d'une fa\u00e7ade contemporaine int\u00e9grant une r\u00e9sille de b\u00e9ton noire aux motifs g\u00e9om\u00e9triques complexes, offrant une esth\u00e9tique sophistiqu\u00e9e et une fonctionnalit\u00e9 de ventilation dans un environnement urbain moderne"},{"@type":"BreadcrumbList","@id":"https:\/\/france-resille.com\/en\/3-batiments-celebres-arborant-la-resille-de-beton-partie-1-2\/#breadcrumb","itemListElement":[{"@type":"ListItem","position":1,"name":"Accueil","item":"https:\/\/france-resille.com\/en\/home\/"},{"@type":"ListItem","position":2,"name":"3 b\u00e2timents c\u00e9l\u00e8bres arborant la r\u00e9sille de b\u00e9ton &#8211; Partie 1\/2"}]},{"@type":"WebSite","@id":"https:\/\/france-resille.com\/en\/#website","url":"https:\/\/france-resille.com\/en\/","name":"France R\u00e9sille","description":"R\u00e9alisation de grille, pare soleil, fa\u00e7ade \u00e0 partir de mat\u00e9riaux d\u00e9coup\u00e9s","potentialAction":[{"@type":"SearchAction","target":{"@type":"EntryPoint","urlTemplate":"https:\/\/france-resille.com\/en\/?s={search_term_string}"},"query-input":{"@type":"PropertyValueSpecification","valueRequired":true,"valueName":"search_term_string"}}],"inLanguage":"en-US"},{"@type":"Person","@id":"https:\/\/france-resille.com\/en\/#\/schema\/person\/a0defa8635d5641180e9c552bb3ecf89","name":"Auteur1","image":{"@type":"ImageObject","inLanguage":"en-US","@id":"https:\/\/france-resille.com\/en\/#\/schema\/person\/image\/","url":"https:\/\/secure.gravatar.com\/avatar\/0f87935fa444a38263f35aecd324d5c7126d26bbb4f0b3dfdc641da352df7828?s=96&d=mm&r=g","contentUrl":"https:\/\/secure.gravatar.com\/avatar\/0f87935fa444a38263f35aecd324d5c7126d26bbb4f0b3dfdc641da352df7828?s=96&d=mm&r=g","caption":"Auteur1"}}]}},"_links":{"self":[{"href":"https:\/\/france-resille.com\/en\/wp-json\/wp\/v2\/posts\/3958","targetHints":{"allow":["GET"]}}],"collection":[{"href":"https:\/\/france-resille.com\/en\/wp-json\/wp\/v2\/posts"}],"about":[{"href":"https:\/\/france-resille.com\/en\/wp-json\/wp\/v2\/types\/post"}],"author":[{"embeddable":true,"href":"https:\/\/france-resille.com\/en\/wp-json\/wp\/v2\/users\/2"}],"replies":[{"embeddable":true,"href":"https:\/\/france-resille.com\/en\/wp-json\/wp\/v2\/comments?post=3958"}],"version-history":[{"count":0,"href":"https:\/\/france-resille.com\/en\/wp-json\/wp\/v2\/posts\/3958\/revisions"}],"wp:featuredmedia":[{"embeddable":true,"href":"https:\/\/france-resille.com\/en\/wp-json\/wp\/v2\/media\/6272"}],"wp:attachment":[{"href":"https:\/\/france-resille.com\/en\/wp-json\/wp\/v2\/media?parent=3958"}],"wp:term":[{"taxonomy":"category","embeddable":true,"href":"https:\/\/france-resille.com\/en\/wp-json\/wp\/v2\/categories?post=3958"},{"taxonomy":"post_tag","embeddable":true,"href":"https:\/\/france-resille.com\/en\/wp-json\/wp\/v2\/tags?post=3958"}],"curies":[{"name":"wp","href":"https:\/\/api.w.org\/{rel}","templated":true}]}}