{"id":3948,"date":"2020-04-29T18:20:58","date_gmt":"2020-04-29T16:20:58","guid":{"rendered":"https:\/\/france-resille.com\/?p=3948"},"modified":"2024-12-16T15:07:22","modified_gmt":"2024-12-16T14:07:22","slug":"3-suggestions-pour-ameliorer-votre-facade","status":"publish","type":"post","link":"https:\/\/france-resille.com\/en\/3-suggestions-pour-ameliorer-votre-facade\/","title":{"rendered":"3 suggestions pour am\u00e9liorer votre fa\u00e7ade."},"content":{"rendered":"<p>Envie de renouveau pour votre fa\u00e7ade \u00e0 l\u2019allure un peu pass\u00e9e ?<!--more--><br \/>\nA vrai dire, cela peut se comprendre car l&#8217;environnement a un impact direct sur notre bien \u00eatre et notre humeur. Or, la fa\u00e7ade est ce que l&#8217;on voit en tout premier lieu en rentrant chez soi. Et plus encore en cette p\u00e9riode de confinement o\u00f9 elle est pour beaucoup, le seul horizon possible.<br \/>\nPar cons\u00e9quent, voici trois suggestions pour vous aider \u00e0 faire le plein d\u2019id\u00e9es :<\/p>\n<h2>L\u2019essor des couleurs franches.<\/h2>\n<p>Traditionnellement, l\u2019on opte plut\u00f4t pour du blanc cass\u00e9 en terme de coloris de fa\u00e7ades. Or, si cela peut bien \u00e9videmment \u00eatre une bonne id\u00e9e pour ensoleiller un logis mal expos\u00e9 ; il faut bien admettre que le r\u00e9sultat est souvent assez terne. Et qu\u2019il ne se distingue en rien de toutes les autres maisons pr\u00e9sentant cette teinte passepartout. Et il faut bien l\u2019avouer, un peu tristounette \u2026 Ainsi, si vous souhaitez donner un peu de gaiet\u00e9 et de cachet \u00e0 votre fa\u00e7ade, pourquoi ne pas choisir de bousculer les habitudes en utilisant une couleur vive et audacieuse ? Parmi nos pr\u00e9f\u00e9r\u00e9es, le framboise ou le jaune soleil qui vous mettront instantan\u00e9ment de bonne humeur \u00e0 votre retour chez eux. Mais vous pouvez \u00e9galement choisir une belle couleur froide, \u00e0 l\u2019image d\u2019un somptueux bleu m\u00eal\u00e9 de gris. Enfin, si vous avez l\u2019\u00e2me artiste ; pr\u00e9f\u00e9rez le noir. Ce coloris est certes peu employ\u00e9 en architecture, mais il peut \u00eatre un alli\u00e9 de taille pour moderniser votre foyer. Sans compter qu\u2019il mettra parfaitement en valeur les plantations avoisinantes \u2026 Alors si vous avez la main verte ; ne vous en privez pas !<\/p>\n<h2>Une fa\u00e7ade bicolore.<\/h2>\n<p>Autre astuce pour une fa\u00e7ade agr\u00e9able \u00e0 l\u2019\u0153il, l\u2019usage de deux coloris. L\u00e0 encore, il faut faire preuve d\u2019un peu d\u2019audace architecturale. Mais en utilisant deux couleurs sobres\u00a0; le r\u00e9sultat devrait \u00eatre d\u2019une grande \u00e9l\u00e9gance. Et pour assurer votre r\u00e9ussite, appliquez la couleur dissidente sur une zone bien d\u00e9termin\u00e9e. A l\u2019image d\u2019un \u00e9tage ou d\u2019une extension. Vous obtiendrez ainsi un r\u00e9sultat irr\u00e9sistiblement graphique\u00a0!<\/p>\n<h2>Apposition d\u2019une r\u00e9sille.<\/h2>\n<p>Cependant, les effets de couleurs ne sont peut-\u00eatre pas \u00e0 votre go\u00fbt. Et ce, malgr\u00e9 votre envie de donner un peu plus de cachet \u00e0 votre domicile\u00a0! Pour autant, pas de panique car il existe une autre mani\u00e8re de personnaliser votre fa\u00e7ade et d\u2019apporter cette touche de charme qui semble cruellement lui manquer\u00a0! En effet, de nombreux prestataires proposent d\u00e9sormais d\u2019installer des \u00ab\u00a0r\u00e9silles\u00a0\u00bb\u00a0; c\u2019est-\u00e0-dire des fa\u00e7ades d\u00e9coratives r\u00e9alis\u00e9es au laser ou au jet d\u2019eau et proposant une foule de motifs diff\u00e9rents \u2026 D\u00e9coupes g\u00e9om\u00e9triques, feuillages ou lettrages\u00a0; le choix est votre\u00a0!<\/p>\n<p>D\u00e8s lors, vous voil\u00e0 par\u00e9s pour donner \u00e0 votre fa\u00e7ade tout le lustre qu\u2019elle m\u00e9rite\u00a0!<\/p>\n<p><em>Cet article est une contribution libre r\u00e9dig\u00e9e par un auteur partenaire et non par la soci\u00e9t\u00e9 elle-m\u00eame.<\/em><\/p>\n<p>&nbsp;<\/p>\n","protected":false},"excerpt":{"rendered":"<p>Envie de renouveau pour votre fa\u00e7ade \u00e0 l\u2019allure un peu pass\u00e9e ?<\/p>\n","protected":false},"author":2,"featured_media":6276,"comment_status":"closed","ping_status":"closed","sticky":false,"template":"","format":"standard","meta":{"footnotes":""},"categories":[25],"tags":[],"class_list":["post-3948","post","type-post","status-publish","format-standard","has-post-thumbnail","hentry","category-divers"],"yoast_head":"<!-- This site is optimized with the Yoast SEO plugin v26.9 - https:\/\/yoast.com\/product\/yoast-seo-wordpress\/ -->\n<title>3 suggestions pour am\u00e9liorer votre fa\u00e7ade.<\/title>\n<meta name=\"robots\" content=\"index, follow, max-snippet:-1, max-image-preview:large, max-video-preview:-1\" \/>\n<link rel=\"canonical\" href=\"https:\/\/france-resille.com\/en\/3-suggestions-pour-ameliorer-votre-facade\/\" \/>\n<meta property=\"og:locale\" content=\"en_US\" \/>\n<meta property=\"og:type\" content=\"article\" \/>\n<meta property=\"og:title\" content=\"3 suggestions pour am\u00e9liorer votre fa\u00e7ade.\" \/>\n<meta property=\"og:description\" content=\"Envie de renouveau pour votre fa\u00e7ade \u00e0 l\u2019allure un peu pass\u00e9e ?\" \/>\n<meta property=\"og:url\" content=\"https:\/\/france-resille.com\/en\/3-suggestions-pour-ameliorer-votre-facade\/\" \/>\n<meta property=\"og:site_name\" content=\"France R\u00e9sille\" \/>\n<meta property=\"article:published_time\" content=\"2020-04-29T16:20:58+00:00\" \/>\n<meta property=\"article:modified_time\" content=\"2024-12-16T14:07:22+00:00\" \/>\n<meta property=\"og:image\" content=\"https:\/\/france-resille.com\/wp-content\/uploads\/2020\/04\/facade-with-balconies-in-madrid-2023-11-27-04-54-16-utc.jpg\" \/>\n\t<meta property=\"og:image:width\" content=\"1920\" \/>\n\t<meta property=\"og:image:height\" content=\"1321\" \/>\n\t<meta property=\"og:image:type\" content=\"image\/jpeg\" \/>\n<meta name=\"author\" content=\"Auteur1\" \/>\n<meta name=\"twitter:label1\" content=\"Written by\" \/>\n\t<meta name=\"twitter:data1\" content=\"Auteur1\" \/>\n\t<meta name=\"twitter:label2\" content=\"Est. reading time\" \/>\n\t<meta name=\"twitter:data2\" content=\"3 minutes\" \/>\n<script type=\"application\/ld+json\" class=\"yoast-schema-graph\">{\"@context\":\"https:\/\/schema.org\",\"@graph\":[{\"@type\":\"Article\",\"@id\":\"https:\/\/france-resille.com\/en\/3-suggestions-pour-ameliorer-votre-facade\/#article\",\"isPartOf\":{\"@id\":\"https:\/\/france-resille.com\/en\/3-suggestions-pour-ameliorer-votre-facade\/\"},\"author\":{\"name\":\"Auteur1\",\"@id\":\"https:\/\/france-resille.com\/en\/#\/schema\/person\/a0defa8635d5641180e9c552bb3ecf89\"},\"headline\":\"3 suggestions pour am\u00e9liorer votre fa\u00e7ade.\",\"datePublished\":\"2020-04-29T16:20:58+00:00\",\"dateModified\":\"2024-12-16T14:07:22+00:00\",\"mainEntityOfPage\":{\"@id\":\"https:\/\/france-resille.com\/en\/3-suggestions-pour-ameliorer-votre-facade\/\"},\"wordCount\":534,\"image\":{\"@id\":\"https:\/\/france-resille.com\/en\/3-suggestions-pour-ameliorer-votre-facade\/#primaryimage\"},\"thumbnailUrl\":\"https:\/\/france-resille.com\/wp-content\/uploads\/2020\/04\/facade-with-balconies-in-madrid-2023-11-27-04-54-16-utc.jpg\",\"articleSection\":[\"Divers\"],\"inLanguage\":\"en-US\"},{\"@type\":\"WebPage\",\"@id\":\"https:\/\/france-resille.com\/en\/3-suggestions-pour-ameliorer-votre-facade\/\",\"url\":\"https:\/\/france-resille.com\/en\/3-suggestions-pour-ameliorer-votre-facade\/\",\"name\":\"3 suggestions pour am\u00e9liorer votre fa\u00e7ade.\",\"isPartOf\":{\"@id\":\"https:\/\/france-resille.com\/en\/#website\"},\"primaryImageOfPage\":{\"@id\":\"https:\/\/france-resille.com\/en\/3-suggestions-pour-ameliorer-votre-facade\/#primaryimage\"},\"image\":{\"@id\":\"https:\/\/france-resille.com\/en\/3-suggestions-pour-ameliorer-votre-facade\/#primaryimage\"},\"thumbnailUrl\":\"https:\/\/france-resille.com\/wp-content\/uploads\/2020\/04\/facade-with-balconies-in-madrid-2023-11-27-04-54-16-utc.jpg\",\"datePublished\":\"2020-04-29T16:20:58+00:00\",\"dateModified\":\"2024-12-16T14:07:22+00:00\",\"author\":{\"@id\":\"https:\/\/france-resille.com\/en\/#\/schema\/person\/a0defa8635d5641180e9c552bb3ecf89\"},\"breadcrumb\":{\"@id\":\"https:\/\/france-resille.com\/en\/3-suggestions-pour-ameliorer-votre-facade\/#breadcrumb\"},\"inLanguage\":\"en-US\",\"potentialAction\":[{\"@type\":\"ReadAction\",\"target\":[\"https:\/\/france-resille.com\/en\/3-suggestions-pour-ameliorer-votre-facade\/\"]}]},{\"@type\":\"ImageObject\",\"inLanguage\":\"en-US\",\"@id\":\"https:\/\/france-resille.com\/en\/3-suggestions-pour-ameliorer-votre-facade\/#primaryimage\",\"url\":\"https:\/\/france-resille.com\/wp-content\/uploads\/2020\/04\/facade-with-balconies-in-madrid-2023-11-27-04-54-16-utc.jpg\",\"contentUrl\":\"https:\/\/france-resille.com\/wp-content\/uploads\/2020\/04\/facade-with-balconies-in-madrid-2023-11-27-04-54-16-utc.jpg\",\"width\":1920,\"height\":1321,\"caption\":\"fa\u00e7ade blanche avec balcons\"},{\"@type\":\"BreadcrumbList\",\"@id\":\"https:\/\/france-resille.com\/en\/3-suggestions-pour-ameliorer-votre-facade\/#breadcrumb\",\"itemListElement\":[{\"@type\":\"ListItem\",\"position\":1,\"name\":\"Accueil\",\"item\":\"https:\/\/france-resille.com\/en\/home\/\"},{\"@type\":\"ListItem\",\"position\":2,\"name\":\"3 suggestions pour am\u00e9liorer votre fa\u00e7ade.\"}]},{\"@type\":\"WebSite\",\"@id\":\"https:\/\/france-resille.com\/en\/#website\",\"url\":\"https:\/\/france-resille.com\/en\/\",\"name\":\"France R\u00e9sille\",\"description\":\"R\u00e9alisation de grille, pare soleil, fa\u00e7ade \u00e0 partir de mat\u00e9riaux d\u00e9coup\u00e9s\",\"potentialAction\":[{\"@type\":\"SearchAction\",\"target\":{\"@type\":\"EntryPoint\",\"urlTemplate\":\"https:\/\/france-resille.com\/en\/?s={search_term_string}\"},\"query-input\":{\"@type\":\"PropertyValueSpecification\",\"valueRequired\":true,\"valueName\":\"search_term_string\"}}],\"inLanguage\":\"en-US\"},{\"@type\":\"Person\",\"@id\":\"https:\/\/france-resille.com\/en\/#\/schema\/person\/a0defa8635d5641180e9c552bb3ecf89\",\"name\":\"Auteur1\",\"image\":{\"@type\":\"ImageObject\",\"inLanguage\":\"en-US\",\"@id\":\"https:\/\/france-resille.com\/en\/#\/schema\/person\/image\/\",\"url\":\"https:\/\/secure.gravatar.com\/avatar\/0f87935fa444a38263f35aecd324d5c7126d26bbb4f0b3dfdc641da352df7828?s=96&d=mm&r=g\",\"contentUrl\":\"https:\/\/secure.gravatar.com\/avatar\/0f87935fa444a38263f35aecd324d5c7126d26bbb4f0b3dfdc641da352df7828?s=96&d=mm&r=g\",\"caption\":\"Auteur1\"}}]}<\/script>\n<!-- \/ Yoast SEO plugin. -->","yoast_head_json":{"title":"3 suggestions pour am\u00e9liorer votre fa\u00e7ade.","robots":{"index":"index","follow":"follow","max-snippet":"max-snippet:-1","max-image-preview":"max-image-preview:large","max-video-preview":"max-video-preview:-1"},"canonical":"https:\/\/france-resille.com\/en\/3-suggestions-pour-ameliorer-votre-facade\/","og_locale":"en_US","og_type":"article","og_title":"3 suggestions pour am\u00e9liorer votre fa\u00e7ade.","og_description":"Envie de renouveau pour votre fa\u00e7ade \u00e0 l\u2019allure un peu pass\u00e9e ?","og_url":"https:\/\/france-resille.com\/en\/3-suggestions-pour-ameliorer-votre-facade\/","og_site_name":"France R\u00e9sille","article_published_time":"2020-04-29T16:20:58+00:00","article_modified_time":"2024-12-16T14:07:22+00:00","og_image":[{"width":1920,"height":1321,"url":"https:\/\/france-resille.com\/wp-content\/uploads\/2020\/04\/facade-with-balconies-in-madrid-2023-11-27-04-54-16-utc.jpg","type":"image\/jpeg"}],"author":"Auteur1","twitter_misc":{"Written by":"Auteur1","Est. reading time":"3 minutes"},"schema":{"@context":"https:\/\/schema.org","@graph":[{"@type":"Article","@id":"https:\/\/france-resille.com\/en\/3-suggestions-pour-ameliorer-votre-facade\/#article","isPartOf":{"@id":"https:\/\/france-resille.com\/en\/3-suggestions-pour-ameliorer-votre-facade\/"},"author":{"name":"Auteur1","@id":"https:\/\/france-resille.com\/en\/#\/schema\/person\/a0defa8635d5641180e9c552bb3ecf89"},"headline":"3 suggestions pour am\u00e9liorer votre fa\u00e7ade.","datePublished":"2020-04-29T16:20:58+00:00","dateModified":"2024-12-16T14:07:22+00:00","mainEntityOfPage":{"@id":"https:\/\/france-resille.com\/en\/3-suggestions-pour-ameliorer-votre-facade\/"},"wordCount":534,"image":{"@id":"https:\/\/france-resille.com\/en\/3-suggestions-pour-ameliorer-votre-facade\/#primaryimage"},"thumbnailUrl":"https:\/\/france-resille.com\/wp-content\/uploads\/2020\/04\/facade-with-balconies-in-madrid-2023-11-27-04-54-16-utc.jpg","articleSection":["Divers"],"inLanguage":"en-US"},{"@type":"WebPage","@id":"https:\/\/france-resille.com\/en\/3-suggestions-pour-ameliorer-votre-facade\/","url":"https:\/\/france-resille.com\/en\/3-suggestions-pour-ameliorer-votre-facade\/","name":"3 suggestions pour am\u00e9liorer votre fa\u00e7ade.","isPartOf":{"@id":"https:\/\/france-resille.com\/en\/#website"},"primaryImageOfPage":{"@id":"https:\/\/france-resille.com\/en\/3-suggestions-pour-ameliorer-votre-facade\/#primaryimage"},"image":{"@id":"https:\/\/france-resille.com\/en\/3-suggestions-pour-ameliorer-votre-facade\/#primaryimage"},"thumbnailUrl":"https:\/\/france-resille.com\/wp-content\/uploads\/2020\/04\/facade-with-balconies-in-madrid-2023-11-27-04-54-16-utc.jpg","datePublished":"2020-04-29T16:20:58+00:00","dateModified":"2024-12-16T14:07:22+00:00","author":{"@id":"https:\/\/france-resille.com\/en\/#\/schema\/person\/a0defa8635d5641180e9c552bb3ecf89"},"breadcrumb":{"@id":"https:\/\/france-resille.com\/en\/3-suggestions-pour-ameliorer-votre-facade\/#breadcrumb"},"inLanguage":"en-US","potentialAction":[{"@type":"ReadAction","target":["https:\/\/france-resille.com\/en\/3-suggestions-pour-ameliorer-votre-facade\/"]}]},{"@type":"ImageObject","inLanguage":"en-US","@id":"https:\/\/france-resille.com\/en\/3-suggestions-pour-ameliorer-votre-facade\/#primaryimage","url":"https:\/\/france-resille.com\/wp-content\/uploads\/2020\/04\/facade-with-balconies-in-madrid-2023-11-27-04-54-16-utc.jpg","contentUrl":"https:\/\/france-resille.com\/wp-content\/uploads\/2020\/04\/facade-with-balconies-in-madrid-2023-11-27-04-54-16-utc.jpg","width":1920,"height":1321,"caption":"fa\u00e7ade blanche avec balcons"},{"@type":"BreadcrumbList","@id":"https:\/\/france-resille.com\/en\/3-suggestions-pour-ameliorer-votre-facade\/#breadcrumb","itemListElement":[{"@type":"ListItem","position":1,"name":"Accueil","item":"https:\/\/france-resille.com\/en\/home\/"},{"@type":"ListItem","position":2,"name":"3 suggestions pour am\u00e9liorer votre fa\u00e7ade."}]},{"@type":"WebSite","@id":"https:\/\/france-resille.com\/en\/#website","url":"https:\/\/france-resille.com\/en\/","name":"France R\u00e9sille","description":"R\u00e9alisation de grille, pare soleil, fa\u00e7ade \u00e0 partir de mat\u00e9riaux d\u00e9coup\u00e9s","potentialAction":[{"@type":"SearchAction","target":{"@type":"EntryPoint","urlTemplate":"https:\/\/france-resille.com\/en\/?s={search_term_string}"},"query-input":{"@type":"PropertyValueSpecification","valueRequired":true,"valueName":"search_term_string"}}],"inLanguage":"en-US"},{"@type":"Person","@id":"https:\/\/france-resille.com\/en\/#\/schema\/person\/a0defa8635d5641180e9c552bb3ecf89","name":"Auteur1","image":{"@type":"ImageObject","inLanguage":"en-US","@id":"https:\/\/france-resille.com\/en\/#\/schema\/person\/image\/","url":"https:\/\/secure.gravatar.com\/avatar\/0f87935fa444a38263f35aecd324d5c7126d26bbb4f0b3dfdc641da352df7828?s=96&d=mm&r=g","contentUrl":"https:\/\/secure.gravatar.com\/avatar\/0f87935fa444a38263f35aecd324d5c7126d26bbb4f0b3dfdc641da352df7828?s=96&d=mm&r=g","caption":"Auteur1"}}]}},"_links":{"self":[{"href":"https:\/\/france-resille.com\/en\/wp-json\/wp\/v2\/posts\/3948","targetHints":{"allow":["GET"]}}],"collection":[{"href":"https:\/\/france-resille.com\/en\/wp-json\/wp\/v2\/posts"}],"about":[{"href":"https:\/\/france-resille.com\/en\/wp-json\/wp\/v2\/types\/post"}],"author":[{"embeddable":true,"href":"https:\/\/france-resille.com\/en\/wp-json\/wp\/v2\/users\/2"}],"replies":[{"embeddable":true,"href":"https:\/\/france-resille.com\/en\/wp-json\/wp\/v2\/comments?post=3948"}],"version-history":[{"count":0,"href":"https:\/\/france-resille.com\/en\/wp-json\/wp\/v2\/posts\/3948\/revisions"}],"wp:featuredmedia":[{"embeddable":true,"href":"https:\/\/france-resille.com\/en\/wp-json\/wp\/v2\/media\/6276"}],"wp:attachment":[{"href":"https:\/\/france-resille.com\/en\/wp-json\/wp\/v2\/media?parent=3948"}],"wp:term":[{"taxonomy":"category","embeddable":true,"href":"https:\/\/france-resille.com\/en\/wp-json\/wp\/v2\/categories?post=3948"},{"taxonomy":"post_tag","embeddable":true,"href":"https:\/\/france-resille.com\/en\/wp-json\/wp\/v2\/tags?post=3948"}],"curies":[{"name":"wp","href":"https:\/\/api.w.org\/{rel}","templated":true}]}}