{"id":3866,"date":"2019-10-21T13:54:34","date_gmt":"2019-10-21T11:54:34","guid":{"rendered":"https:\/\/france-resille.com\/?p=3866"},"modified":"2020-12-15T16:41:07","modified_gmt":"2020-12-15T14:41:07","slug":"4-raisons-pratiques-dopter-pour-la-resille-de-batiment-en-entreprise","status":"publish","type":"post","link":"https:\/\/france-resille.com\/en\/4-raisons-pratiques-dopter-pour-la-resille-de-batiment-en-entreprise\/","title":{"rendered":"4 raisons pratiques d&#8217;opter pour la r\u00e9sille de b\u00e2timent en entreprise."},"content":{"rendered":"<p>De nous jours, la tendance est \u00e0 la personnalisation des fa\u00e7ades de b\u00e2timents via la pose d&#8217;une r\u00e9sille, afin de leur conf\u00e9rer une identit\u00e9 et une originalit\u00e9 sans pareille. Mais est-ce l\u00e0 le seul apport de cet \u00e9l\u00e9ment dans le cadre d&#8217;une entreprise?<!--more-->En bien non, car l&#8217;ajout d&#8217;une r\u00e9sille ne rel\u00e8ve pas uniquement de la coquetterie. Bien au contraire, il s\u2019agit \u00e9galement d\u2019un choix pratique, destin\u00e9 \u00e0 rendre de grands services \u00e0 ses usagers \u2026 Et ce, d&#8217;autant plus dans une cadre si particulier.<\/p>\n<h2>Pour contr\u00f4ler la luminosit\u00e9 de l&#8217;espace de travail.<\/h2>\n<p>Incontestablement, une bonne luminosit\u00e9 des locaux est n\u00e9cessaire \u00e0 la poursuite des activit\u00e9s quotidiennes des employ\u00e9s. Mais plus encore, il peut s\u2019agir d\u2019une v\u00e9ritable source de bien \u00eatre et de productivit\u00e9 tant elle influe sur l\u2019humeur, la concentration et l\u2019\u00e9nergie. Malheureusement, elle peut \u00e9galement s\u2019av\u00e9rer probl\u00e9matique d\u00e8s lors qu\u2019elle est trop ardente. Ce qui arrive fr\u00e9quemment dans le sud du pays, durant la belle saison. Or, la mise en place d\u2019une r\u00e9sille peut permettre de contr\u00f4ler la luminosit\u00e9 pour en laisser passer la juste quantit\u00e9. Et \u00e9viter ainsi les d\u00e9sagr\u00e9ments cit\u00e9s, tout en gardant l\u2019apport de lumi\u00e8re naturelle ; essentiel \u00e0 notre constitution. D\u00e8s lors, vous fournirez \u00e0 vos collaborateurs la bonne dose de lumi\u00e8re pour les garder alertes et de bonne humeur, sans jamais les \u00e9blouir ! Termin\u00e9 le petit reflet aga\u00e7ant sur l&#8217;\u00e9cran de l&#8217;ordinateur !<\/p>\n<h2>Pour prot\u00e9ger l&#8217;intimit\u00e9 de vos collaborateurs.<\/h2>\n<p>De plus, l\u2019installation d\u2019une r\u00e9sille sur un b\u00e2timent permet \u00e9galement de prot\u00e9ger l\u2019intimit\u00e9 de ceux qui y officient en les pr\u00e9servant des regards ext\u00e9rieurs. En effet, gr\u00e2ce \u00e0 ses \u00e9l\u00e9gants motifs ajour\u00e9s, la r\u00e9sille fait aussi effet de brise-vue. Une fonction dont l\u2019utilit\u00e9 n\u2019est plus \u00e0 d\u00e9montrer tant il est d\u00e9sagr\u00e9able de se sentir observ\u00e9s \u2026<\/p>\n<h2>Pour r\u00e9guler la temp\u00e9rature de vos locaux.<\/h2>\n<p>En outre, la r\u00e9sille a \u00e9galement un avantage de type \u00e9conomique, puisqu\u2019elle a une action thermor\u00e9gulatrice. Laquelle permet d\u2019\u00e9viter de trop consommer en chauffage ou en climatisation. En effet, les motifs ajour\u00e9s de la r\u00e9sille filtrent la chaleur en Et\u00e9 et la gardent \u00e0 l\u2019int\u00e9rieur durant la saison froide. Par cons\u00e9quent, il s\u2019agit l\u00e0 d\u2019un bon moyen de faire des \u00e9conomies d\u2019\u00e9nergies ! Ce qui ne peut \u00eatre qu\u2019appr\u00e9ciable dans le cadre d&#8217;une entreprise qui cherche \u00e0 r\u00e9guler ses frais. De plus, parfaitement \u00e0 l&#8217;aise quelles que soient les temp\u00e9ratures ext\u00e9rieures ; vos employ\u00e9s vous remercieront ! De m\u00eame que vos visiteurs !<\/p>\n<h2>Pour assurer la s\u00e9curit\u00e9 de l&#8217;entreprise.<\/h2>\n<p>Enfin, il s\u2019av\u00e8re que la r\u00e9sille a \u00e9galement une fonction protectrice \u00e0 laquelle l\u2019on ne pense pas toujours ; malgr\u00e9 le caract\u00e8re indispensable de cette derni\u00e8re. En effet (et ce d\u2019autant plus dans le cadre d\u2019un b\u00e2timent enti\u00e8rement vitr\u00e9), la r\u00e9sille peut prot\u00e9ger votre b\u00e2timent d\u2019un choc ou de toute tentative d\u2019effraction, ajoutant un interm\u00e9diaire d\u2019une grande solidit\u00e9 entre l\u2019ext\u00e9rieur et vos locaux. Et permettant ainsi de les s\u00e9curiser plus efficacement contre d&#8217;\u00e9ventuels cambriolages &#8230; L&#8217;alli\u00e9 id\u00e9al pour pr\u00e9server tout \u00e0 la fois vos marchandises, vos biens et vos collaborateurs et votre client\u00e8le !<\/p>\n<p>Ainsi, n\u2019h\u00e9sitez pas \u00e0 choisir la r\u00e9sille m\u00e9tallique. D\u00e9corative, pratique, s\u00e9curisante et \u00e9conomique ; elle a d\u00e9cid\u00e9ment tout pour plaire. Et contribuera sans nul doute \u00e0 favoriser le bien \u00eatre et la productivit\u00e9 au travail ! Ce qui ne devrait pas tarder \u00e0 refl\u00e9ter sur votre chiffre d&#8217;affaire !<\/p>\n<p><em>Cet article est une contribution libre r\u00e9dig\u00e9e par un auteur partenaire et non par la soci\u00e9t\u00e9 elle-m\u00eame.<\/em><\/p>\n","protected":false},"excerpt":{"rendered":"<p>De nous jours, la tendance est \u00e0 la personnalisation des fa\u00e7ades de b\u00e2timents via la pose d&#8217;une r\u00e9sille, afin de leur conf\u00e9rer une identit\u00e9 et une originalit\u00e9 sans pareille. Mais est-ce l\u00e0 le seul apport de cet \u00e9l\u00e9ment dans le cadre d&#8217;une entreprise?<\/p>\n","protected":false},"author":2,"featured_media":3826,"comment_status":"closed","ping_status":"closed","sticky":false,"template":"","format":"standard","meta":{"footnotes":""},"categories":[25],"tags":[],"class_list":["post-3866","post","type-post","status-publish","format-standard","has-post-thumbnail","hentry","category-divers"],"yoast_head":"<!-- This site is optimized with the Yoast SEO plugin v26.9 - https:\/\/yoast.com\/product\/yoast-seo-wordpress\/ -->\n<title>4 raisons pratiques d&#039;opter pour la r\u00e9sille de b\u00e2timent en entreprise.<\/title>\n<meta name=\"robots\" content=\"index, follow, max-snippet:-1, max-image-preview:large, max-video-preview:-1\" \/>\n<link rel=\"canonical\" href=\"https:\/\/france-resille.com\/en\/4-raisons-pratiques-dopter-pour-la-resille-de-batiment-en-entreprise\/\" \/>\n<meta property=\"og:locale\" content=\"en_US\" \/>\n<meta property=\"og:type\" content=\"article\" \/>\n<meta property=\"og:title\" content=\"4 raisons pratiques d&#039;opter pour la r\u00e9sille de b\u00e2timent en entreprise.\" \/>\n<meta property=\"og:description\" content=\"De nous jours, la tendance est \u00e0 la personnalisation des fa\u00e7ades de b\u00e2timents via la pose d&#8217;une r\u00e9sille, afin de leur conf\u00e9rer une identit\u00e9 et une originalit\u00e9 sans pareille. Mais est-ce l\u00e0 le seul apport de cet \u00e9l\u00e9ment dans le cadre d&#8217;une entreprise?\" \/>\n<meta property=\"og:url\" content=\"https:\/\/france-resille.com\/en\/4-raisons-pratiques-dopter-pour-la-resille-de-batiment-en-entreprise\/\" \/>\n<meta property=\"og:site_name\" content=\"France R\u00e9sille\" \/>\n<meta property=\"article:published_time\" content=\"2019-10-21T11:54:34+00:00\" \/>\n<meta property=\"article:modified_time\" content=\"2020-12-15T14:41:07+00:00\" \/>\n<meta property=\"og:image\" content=\"https:\/\/france-resille.com\/wp-content\/uploads\/2019\/09\/france-resille-papillons-2.jpg\" \/>\n\t<meta property=\"og:image:width\" content=\"1176\" \/>\n\t<meta property=\"og:image:height\" content=\"1920\" \/>\n\t<meta property=\"og:image:type\" content=\"image\/jpeg\" \/>\n<meta name=\"author\" content=\"Auteur1\" \/>\n<meta name=\"twitter:label1\" content=\"Written by\" \/>\n\t<meta name=\"twitter:data1\" content=\"Auteur1\" \/>\n\t<meta name=\"twitter:label2\" content=\"Est. reading time\" \/>\n\t<meta name=\"twitter:data2\" content=\"3 minutes\" \/>\n<script type=\"application\/ld+json\" class=\"yoast-schema-graph\">{\"@context\":\"https:\/\/schema.org\",\"@graph\":[{\"@type\":\"Article\",\"@id\":\"https:\/\/france-resille.com\/en\/4-raisons-pratiques-dopter-pour-la-resille-de-batiment-en-entreprise\/#article\",\"isPartOf\":{\"@id\":\"https:\/\/france-resille.com\/en\/4-raisons-pratiques-dopter-pour-la-resille-de-batiment-en-entreprise\/\"},\"author\":{\"name\":\"Auteur1\",\"@id\":\"https:\/\/france-resille.com\/en\/#\/schema\/person\/a0defa8635d5641180e9c552bb3ecf89\"},\"headline\":\"4 raisons pratiques d&#8217;opter pour la r\u00e9sille de b\u00e2timent en entreprise.\",\"datePublished\":\"2019-10-21T11:54:34+00:00\",\"dateModified\":\"2020-12-15T14:41:07+00:00\",\"mainEntityOfPage\":{\"@id\":\"https:\/\/france-resille.com\/en\/4-raisons-pratiques-dopter-pour-la-resille-de-batiment-en-entreprise\/\"},\"wordCount\":678,\"image\":{\"@id\":\"https:\/\/france-resille.com\/en\/4-raisons-pratiques-dopter-pour-la-resille-de-batiment-en-entreprise\/#primaryimage\"},\"thumbnailUrl\":\"https:\/\/france-resille.com\/wp-content\/uploads\/2019\/09\/france-resille-papillons-2.jpg\",\"articleSection\":[\"Divers\"],\"inLanguage\":\"en-US\"},{\"@type\":\"WebPage\",\"@id\":\"https:\/\/france-resille.com\/en\/4-raisons-pratiques-dopter-pour-la-resille-de-batiment-en-entreprise\/\",\"url\":\"https:\/\/france-resille.com\/en\/4-raisons-pratiques-dopter-pour-la-resille-de-batiment-en-entreprise\/\",\"name\":\"4 raisons pratiques d'opter pour la r\u00e9sille de b\u00e2timent en entreprise.\",\"isPartOf\":{\"@id\":\"https:\/\/france-resille.com\/en\/#website\"},\"primaryImageOfPage\":{\"@id\":\"https:\/\/france-resille.com\/en\/4-raisons-pratiques-dopter-pour-la-resille-de-batiment-en-entreprise\/#primaryimage\"},\"image\":{\"@id\":\"https:\/\/france-resille.com\/en\/4-raisons-pratiques-dopter-pour-la-resille-de-batiment-en-entreprise\/#primaryimage\"},\"thumbnailUrl\":\"https:\/\/france-resille.com\/wp-content\/uploads\/2019\/09\/france-resille-papillons-2.jpg\",\"datePublished\":\"2019-10-21T11:54:34+00:00\",\"dateModified\":\"2020-12-15T14:41:07+00:00\",\"author\":{\"@id\":\"https:\/\/france-resille.com\/en\/#\/schema\/person\/a0defa8635d5641180e9c552bb3ecf89\"},\"breadcrumb\":{\"@id\":\"https:\/\/france-resille.com\/en\/4-raisons-pratiques-dopter-pour-la-resille-de-batiment-en-entreprise\/#breadcrumb\"},\"inLanguage\":\"en-US\",\"potentialAction\":[{\"@type\":\"ReadAction\",\"target\":[\"https:\/\/france-resille.com\/en\/4-raisons-pratiques-dopter-pour-la-resille-de-batiment-en-entreprise\/\"]}]},{\"@type\":\"ImageObject\",\"inLanguage\":\"en-US\",\"@id\":\"https:\/\/france-resille.com\/en\/4-raisons-pratiques-dopter-pour-la-resille-de-batiment-en-entreprise\/#primaryimage\",\"url\":\"https:\/\/france-resille.com\/wp-content\/uploads\/2019\/09\/france-resille-papillons-2.jpg\",\"contentUrl\":\"https:\/\/france-resille.com\/wp-content\/uploads\/2019\/09\/france-resille-papillons-2.jpg\",\"width\":1176,\"height\":1920,\"caption\":\"Habillage des nouveaux locaux de France R\u00e9sille - Le Malzieu-Ville\"},{\"@type\":\"BreadcrumbList\",\"@id\":\"https:\/\/france-resille.com\/en\/4-raisons-pratiques-dopter-pour-la-resille-de-batiment-en-entreprise\/#breadcrumb\",\"itemListElement\":[{\"@type\":\"ListItem\",\"position\":1,\"name\":\"Accueil\",\"item\":\"https:\/\/france-resille.com\/en\/home\/\"},{\"@type\":\"ListItem\",\"position\":2,\"name\":\"4 raisons pratiques d&#8217;opter pour la r\u00e9sille de b\u00e2timent en entreprise.\"}]},{\"@type\":\"WebSite\",\"@id\":\"https:\/\/france-resille.com\/en\/#website\",\"url\":\"https:\/\/france-resille.com\/en\/\",\"name\":\"France R\u00e9sille\",\"description\":\"R\u00e9alisation de grille, pare soleil, fa\u00e7ade \u00e0 partir de mat\u00e9riaux d\u00e9coup\u00e9s\",\"potentialAction\":[{\"@type\":\"SearchAction\",\"target\":{\"@type\":\"EntryPoint\",\"urlTemplate\":\"https:\/\/france-resille.com\/en\/?s={search_term_string}\"},\"query-input\":{\"@type\":\"PropertyValueSpecification\",\"valueRequired\":true,\"valueName\":\"search_term_string\"}}],\"inLanguage\":\"en-US\"},{\"@type\":\"Person\",\"@id\":\"https:\/\/france-resille.com\/en\/#\/schema\/person\/a0defa8635d5641180e9c552bb3ecf89\",\"name\":\"Auteur1\",\"image\":{\"@type\":\"ImageObject\",\"inLanguage\":\"en-US\",\"@id\":\"https:\/\/france-resille.com\/en\/#\/schema\/person\/image\/\",\"url\":\"https:\/\/secure.gravatar.com\/avatar\/0f87935fa444a38263f35aecd324d5c7126d26bbb4f0b3dfdc641da352df7828?s=96&d=mm&r=g\",\"contentUrl\":\"https:\/\/secure.gravatar.com\/avatar\/0f87935fa444a38263f35aecd324d5c7126d26bbb4f0b3dfdc641da352df7828?s=96&d=mm&r=g\",\"caption\":\"Auteur1\"}}]}<\/script>\n<!-- \/ Yoast SEO plugin. -->","yoast_head_json":{"title":"4 raisons pratiques d'opter pour la r\u00e9sille de b\u00e2timent en entreprise.","robots":{"index":"index","follow":"follow","max-snippet":"max-snippet:-1","max-image-preview":"max-image-preview:large","max-video-preview":"max-video-preview:-1"},"canonical":"https:\/\/france-resille.com\/en\/4-raisons-pratiques-dopter-pour-la-resille-de-batiment-en-entreprise\/","og_locale":"en_US","og_type":"article","og_title":"4 raisons pratiques d'opter pour la r\u00e9sille de b\u00e2timent en entreprise.","og_description":"De nous jours, la tendance est \u00e0 la personnalisation des fa\u00e7ades de b\u00e2timents via la pose d&#8217;une r\u00e9sille, afin de leur conf\u00e9rer une identit\u00e9 et une originalit\u00e9 sans pareille. Mais est-ce l\u00e0 le seul apport de cet \u00e9l\u00e9ment dans le cadre d&#8217;une entreprise?","og_url":"https:\/\/france-resille.com\/en\/4-raisons-pratiques-dopter-pour-la-resille-de-batiment-en-entreprise\/","og_site_name":"France R\u00e9sille","article_published_time":"2019-10-21T11:54:34+00:00","article_modified_time":"2020-12-15T14:41:07+00:00","og_image":[{"width":1176,"height":1920,"url":"https:\/\/france-resille.com\/wp-content\/uploads\/2019\/09\/france-resille-papillons-2.jpg","type":"image\/jpeg"}],"author":"Auteur1","twitter_misc":{"Written by":"Auteur1","Est. reading time":"3 minutes"},"schema":{"@context":"https:\/\/schema.org","@graph":[{"@type":"Article","@id":"https:\/\/france-resille.com\/en\/4-raisons-pratiques-dopter-pour-la-resille-de-batiment-en-entreprise\/#article","isPartOf":{"@id":"https:\/\/france-resille.com\/en\/4-raisons-pratiques-dopter-pour-la-resille-de-batiment-en-entreprise\/"},"author":{"name":"Auteur1","@id":"https:\/\/france-resille.com\/en\/#\/schema\/person\/a0defa8635d5641180e9c552bb3ecf89"},"headline":"4 raisons pratiques d&#8217;opter pour la r\u00e9sille de b\u00e2timent en entreprise.","datePublished":"2019-10-21T11:54:34+00:00","dateModified":"2020-12-15T14:41:07+00:00","mainEntityOfPage":{"@id":"https:\/\/france-resille.com\/en\/4-raisons-pratiques-dopter-pour-la-resille-de-batiment-en-entreprise\/"},"wordCount":678,"image":{"@id":"https:\/\/france-resille.com\/en\/4-raisons-pratiques-dopter-pour-la-resille-de-batiment-en-entreprise\/#primaryimage"},"thumbnailUrl":"https:\/\/france-resille.com\/wp-content\/uploads\/2019\/09\/france-resille-papillons-2.jpg","articleSection":["Divers"],"inLanguage":"en-US"},{"@type":"WebPage","@id":"https:\/\/france-resille.com\/en\/4-raisons-pratiques-dopter-pour-la-resille-de-batiment-en-entreprise\/","url":"https:\/\/france-resille.com\/en\/4-raisons-pratiques-dopter-pour-la-resille-de-batiment-en-entreprise\/","name":"4 raisons pratiques d'opter pour la r\u00e9sille de b\u00e2timent en entreprise.","isPartOf":{"@id":"https:\/\/france-resille.com\/en\/#website"},"primaryImageOfPage":{"@id":"https:\/\/france-resille.com\/en\/4-raisons-pratiques-dopter-pour-la-resille-de-batiment-en-entreprise\/#primaryimage"},"image":{"@id":"https:\/\/france-resille.com\/en\/4-raisons-pratiques-dopter-pour-la-resille-de-batiment-en-entreprise\/#primaryimage"},"thumbnailUrl":"https:\/\/france-resille.com\/wp-content\/uploads\/2019\/09\/france-resille-papillons-2.jpg","datePublished":"2019-10-21T11:54:34+00:00","dateModified":"2020-12-15T14:41:07+00:00","author":{"@id":"https:\/\/france-resille.com\/en\/#\/schema\/person\/a0defa8635d5641180e9c552bb3ecf89"},"breadcrumb":{"@id":"https:\/\/france-resille.com\/en\/4-raisons-pratiques-dopter-pour-la-resille-de-batiment-en-entreprise\/#breadcrumb"},"inLanguage":"en-US","potentialAction":[{"@type":"ReadAction","target":["https:\/\/france-resille.com\/en\/4-raisons-pratiques-dopter-pour-la-resille-de-batiment-en-entreprise\/"]}]},{"@type":"ImageObject","inLanguage":"en-US","@id":"https:\/\/france-resille.com\/en\/4-raisons-pratiques-dopter-pour-la-resille-de-batiment-en-entreprise\/#primaryimage","url":"https:\/\/france-resille.com\/wp-content\/uploads\/2019\/09\/france-resille-papillons-2.jpg","contentUrl":"https:\/\/france-resille.com\/wp-content\/uploads\/2019\/09\/france-resille-papillons-2.jpg","width":1176,"height":1920,"caption":"Habillage des nouveaux locaux de France R\u00e9sille - Le Malzieu-Ville"},{"@type":"BreadcrumbList","@id":"https:\/\/france-resille.com\/en\/4-raisons-pratiques-dopter-pour-la-resille-de-batiment-en-entreprise\/#breadcrumb","itemListElement":[{"@type":"ListItem","position":1,"name":"Accueil","item":"https:\/\/france-resille.com\/en\/home\/"},{"@type":"ListItem","position":2,"name":"4 raisons pratiques d&#8217;opter pour la r\u00e9sille de b\u00e2timent en entreprise."}]},{"@type":"WebSite","@id":"https:\/\/france-resille.com\/en\/#website","url":"https:\/\/france-resille.com\/en\/","name":"France R\u00e9sille","description":"R\u00e9alisation de grille, pare soleil, fa\u00e7ade \u00e0 partir de mat\u00e9riaux d\u00e9coup\u00e9s","potentialAction":[{"@type":"SearchAction","target":{"@type":"EntryPoint","urlTemplate":"https:\/\/france-resille.com\/en\/?s={search_term_string}"},"query-input":{"@type":"PropertyValueSpecification","valueRequired":true,"valueName":"search_term_string"}}],"inLanguage":"en-US"},{"@type":"Person","@id":"https:\/\/france-resille.com\/en\/#\/schema\/person\/a0defa8635d5641180e9c552bb3ecf89","name":"Auteur1","image":{"@type":"ImageObject","inLanguage":"en-US","@id":"https:\/\/france-resille.com\/en\/#\/schema\/person\/image\/","url":"https:\/\/secure.gravatar.com\/avatar\/0f87935fa444a38263f35aecd324d5c7126d26bbb4f0b3dfdc641da352df7828?s=96&d=mm&r=g","contentUrl":"https:\/\/secure.gravatar.com\/avatar\/0f87935fa444a38263f35aecd324d5c7126d26bbb4f0b3dfdc641da352df7828?s=96&d=mm&r=g","caption":"Auteur1"}}]}},"_links":{"self":[{"href":"https:\/\/france-resille.com\/en\/wp-json\/wp\/v2\/posts\/3866","targetHints":{"allow":["GET"]}}],"collection":[{"href":"https:\/\/france-resille.com\/en\/wp-json\/wp\/v2\/posts"}],"about":[{"href":"https:\/\/france-resille.com\/en\/wp-json\/wp\/v2\/types\/post"}],"author":[{"embeddable":true,"href":"https:\/\/france-resille.com\/en\/wp-json\/wp\/v2\/users\/2"}],"replies":[{"embeddable":true,"href":"https:\/\/france-resille.com\/en\/wp-json\/wp\/v2\/comments?post=3866"}],"version-history":[{"count":0,"href":"https:\/\/france-resille.com\/en\/wp-json\/wp\/v2\/posts\/3866\/revisions"}],"wp:featuredmedia":[{"embeddable":true,"href":"https:\/\/france-resille.com\/en\/wp-json\/wp\/v2\/media\/3826"}],"wp:attachment":[{"href":"https:\/\/france-resille.com\/en\/wp-json\/wp\/v2\/media?parent=3866"}],"wp:term":[{"taxonomy":"category","embeddable":true,"href":"https:\/\/france-resille.com\/en\/wp-json\/wp\/v2\/categories?post=3866"},{"taxonomy":"post_tag","embeddable":true,"href":"https:\/\/france-resille.com\/en\/wp-json\/wp\/v2\/tags?post=3866"}],"curies":[{"name":"wp","href":"https:\/\/api.w.org\/{rel}","templated":true}]}}