{"id":3723,"date":"2019-03-21T16:19:47","date_gmt":"2019-03-21T14:19:47","guid":{"rendered":"https:\/\/france-resille.com\/?p=3723"},"modified":"2024-12-16T15:08:21","modified_gmt":"2024-12-16T14:08:21","slug":"3-raisons-de-choisir-une-facade-decorative","status":"publish","type":"post","link":"https:\/\/france-resille.com\/en\/3-raisons-de-choisir-une-facade-decorative\/","title":{"rendered":"3 raisons de choisir une fa\u00e7ade d\u00e9corative."},"content":{"rendered":"<p>Grande nouveaut\u00e9 dans le domaine du b\u00e2timent, le parement de fa\u00e7ade s\u2019invite au milieu de nos villes et attire tous les regards. <!--more-->En effet, cette construction artistiques aux multiples visages s\u00e9duit de plus en plus les constructeurs, tant du fait de ses avantages pratiques que gr\u00e2ce \u00e0 son esth\u00e9tisme hors norme \u2026<\/p>\n<h2>Un effet \u00ab\u00a0brise-soleil\u00a0\u00bb\u00a0tr\u00e8s appr\u00e9ci\u00e9\u00a0:<\/h2>\n<p>Bien entendu, tout le monde attend avec impatience le retour des beaux jours et des rayons du soleil. Mais il arrive cependant que ces derniers se montrent un peu trop imp\u00e9tueux et cela plus encore dans le Sud\u00a0o\u00f9 ils r\u00e8gnent en ma\u00eetres\u00a0! D\u00e8s lors, pour \u00e9viter surchauffe et \u00e9blouissements en tout genre et pouvoir profiter des beaux jours en lisant un bon livre ou en pianotant sur sa tablette, le brise-soleil s\u2019av\u00e8re \u00eatre un alli\u00e9 de taille\u00a0! Une fonction que la fa\u00e7ade d\u00e9corative rempli avec brio, gr\u00e2ce \u00e0 ses d\u00e9coupes ajour\u00e9es. Ces derni\u00e8res permettant assur\u00e9ment d\u2019\u00e9mousser la force des rayons ardents pour n\u2019en garder que la douceur \u2026<\/p>\n<h2>Un parement adapt\u00e9 aux normes thermiques\u00a0:<\/h2>\n<p>Autre avantage inestimable du parement de fa\u00e7ade, il est en parfait accord avec la RT 2020, d\u2019ors et d\u00e9j\u00e0 applicable aux b\u00e2timents publics depuis 2018. Car, visant \u00e0 r\u00e9duire la consommation d\u2019\u00e9nergie et \u00e0 promouvoir les constructions pouvant participer \u00e0 la cr\u00e9ation d\u2019\u00e9nergie, cet ensemble de mesures tourne autour de la maison positive. Or, c&#8217;est justement l\u00e0 l&#8217;un des atouts du parement de fa\u00e7ade qui offre une isolation accrue via l\u2019ext\u00e9rieur et permet ainsi l\u2019accumulation (et la restitution) d\u2019une agr\u00e9able chaleur. Laquelle viendra suppl\u00e9er (au moins en partie pour les plus frileux) le chauffage\u00a0! Un bon plan tout autant pour la plan\u00e8te, que pour les finances !<\/p>\n<h2>Un atout esth\u00e9tique et original\u00a0:<\/h2>\n<p>Ceci dit, ind\u00e9pendamment des consid\u00e9rations pratiques qui peuvent amener \u00e0 faire ce choix ; opter pour un parement de fa\u00e7ade d\u00e9corative c\u2019est avant tout choisir de magnifier son b\u00e2timent avec b\u00e2timent et originalit\u00e9. En effet, qu\u2019elle soit faite de bois, de m\u00e9tal ou de r\u00e9sine, la fa\u00e7ade d\u00e9corative est une sublime addition \u00e0 un b\u00e2timent neuf. Et cet ajout de charme accro\u00eetra sans nul doute son prestige. Mais vous pouvez \u00e9galement choisir de l\u2019apposer sur un b\u00e2timent plus ancien ou en r\u00e9novation, afin de le transformer en profondeur et de lui donner l\u2019apparence de la jeunesse et de la modernit\u00e9.<br \/>\nDe plus, ce type de parement offre un caract\u00e8re unique \u00e0 votre b\u00e2timent, le rendant reconnaissable entre tous gr\u00e2ce \u00e0 son identit\u00e9 marqu\u00e9e. Car qui remarque un b\u00e2timent en b\u00e9ton gris au milieu d\u2019une arm\u00e9e d\u2019autres b\u00e2timents tout aussi gris\u00a0? Bien au contraire, avec une fa\u00e7ade ouvrag\u00e9e et pens\u00e9e de mani\u00e8re artistique, votre local ne passera pas inaper\u00e7u. Et nombreux sont ceux qui auront \u00e0 c\u0153ur de pousser votre porte pour en savoir plus \u2026<br \/>\nA vous ensuite de vous rendre vos services indispensables\u00a0et de vous assurer qu\u2019ils resteront un peu plus longtemps\u00a0!<\/p>\n<p><em>Cet article est une contribution libre r\u00e9dig\u00e9e par un auteur partenaire et non par la soci\u00e9t\u00e9 elle-m\u00eame.<\/em><\/p>\n<p>&nbsp;<\/p>\n","protected":false},"excerpt":{"rendered":"<p>Grande nouveaut\u00e9 dans le domaine du b\u00e2timent, le parement de fa\u00e7ade s\u2019invite au milieu de nos villes et attire tous les regards.<\/p>\n","protected":false},"author":2,"featured_media":6279,"comment_status":"closed","ping_status":"closed","sticky":false,"template":"","format":"standard","meta":{"footnotes":""},"categories":[25],"tags":[],"class_list":["post-3723","post","type-post","status-publish","format-standard","has-post-thumbnail","hentry","category-divers"],"yoast_head":"<!-- This site is optimized with the Yoast SEO plugin v26.9 - https:\/\/yoast.com\/product\/yoast-seo-wordpress\/ -->\n<title>3 raisons de choisir une fa\u00e7ade d\u00e9corative.<\/title>\n<meta name=\"robots\" content=\"index, follow, max-snippet:-1, max-image-preview:large, max-video-preview:-1\" \/>\n<link rel=\"canonical\" href=\"https:\/\/france-resille.com\/en\/3-raisons-de-choisir-une-facade-decorative\/\" \/>\n<meta property=\"og:locale\" content=\"en_US\" \/>\n<meta property=\"og:type\" content=\"article\" \/>\n<meta property=\"og:title\" content=\"3 raisons de choisir une fa\u00e7ade d\u00e9corative.\" \/>\n<meta property=\"og:description\" content=\"Grande nouveaut\u00e9 dans le domaine du b\u00e2timent, le parement de fa\u00e7ade s\u2019invite au milieu de nos villes et attire tous les regards.\" \/>\n<meta property=\"og:url\" content=\"https:\/\/france-resille.com\/en\/3-raisons-de-choisir-une-facade-decorative\/\" \/>\n<meta property=\"og:site_name\" content=\"France R\u00e9sille\" \/>\n<meta property=\"article:published_time\" content=\"2019-03-21T14:19:47+00:00\" \/>\n<meta property=\"article:modified_time\" content=\"2024-12-16T14:08:21+00:00\" \/>\n<meta property=\"og:image\" content=\"https:\/\/france-resille.com\/wp-content\/uploads\/2019\/03\/colorful-house-facade-in-la-boca-buenos-aires-2023-11-27-05-11-17-utc-1.jpg\" \/>\n\t<meta property=\"og:image:width\" content=\"1920\" \/>\n\t<meta property=\"og:image:height\" content=\"1280\" \/>\n\t<meta property=\"og:image:type\" content=\"image\/jpeg\" \/>\n<meta name=\"author\" content=\"Auteur1\" \/>\n<meta name=\"twitter:label1\" content=\"Written by\" \/>\n\t<meta name=\"twitter:data1\" content=\"Auteur1\" \/>\n\t<meta name=\"twitter:label2\" content=\"Est. reading time\" \/>\n\t<meta name=\"twitter:data2\" content=\"3 minutes\" \/>\n<script type=\"application\/ld+json\" class=\"yoast-schema-graph\">{\"@context\":\"https:\/\/schema.org\",\"@graph\":[{\"@type\":\"Article\",\"@id\":\"https:\/\/france-resille.com\/en\/3-raisons-de-choisir-une-facade-decorative\/#article\",\"isPartOf\":{\"@id\":\"https:\/\/france-resille.com\/en\/3-raisons-de-choisir-une-facade-decorative\/\"},\"author\":{\"name\":\"Auteur1\",\"@id\":\"https:\/\/france-resille.com\/en\/#\/schema\/person\/a0defa8635d5641180e9c552bb3ecf89\"},\"headline\":\"3 raisons de choisir une fa\u00e7ade d\u00e9corative.\",\"datePublished\":\"2019-03-21T14:19:47+00:00\",\"dateModified\":\"2024-12-16T14:08:21+00:00\",\"mainEntityOfPage\":{\"@id\":\"https:\/\/france-resille.com\/en\/3-raisons-de-choisir-une-facade-decorative\/\"},\"wordCount\":568,\"image\":{\"@id\":\"https:\/\/france-resille.com\/en\/3-raisons-de-choisir-une-facade-decorative\/#primaryimage\"},\"thumbnailUrl\":\"https:\/\/france-resille.com\/wp-content\/uploads\/2019\/03\/colorful-house-facade-in-la-boca-buenos-aires-2023-11-27-05-11-17-utc-1.jpg\",\"articleSection\":[\"Divers\"],\"inLanguage\":\"en-US\"},{\"@type\":\"WebPage\",\"@id\":\"https:\/\/france-resille.com\/en\/3-raisons-de-choisir-une-facade-decorative\/\",\"url\":\"https:\/\/france-resille.com\/en\/3-raisons-de-choisir-une-facade-decorative\/\",\"name\":\"3 raisons de choisir une fa\u00e7ade d\u00e9corative.\",\"isPartOf\":{\"@id\":\"https:\/\/france-resille.com\/en\/#website\"},\"primaryImageOfPage\":{\"@id\":\"https:\/\/france-resille.com\/en\/3-raisons-de-choisir-une-facade-decorative\/#primaryimage\"},\"image\":{\"@id\":\"https:\/\/france-resille.com\/en\/3-raisons-de-choisir-une-facade-decorative\/#primaryimage\"},\"thumbnailUrl\":\"https:\/\/france-resille.com\/wp-content\/uploads\/2019\/03\/colorful-house-facade-in-la-boca-buenos-aires-2023-11-27-05-11-17-utc-1.jpg\",\"datePublished\":\"2019-03-21T14:19:47+00:00\",\"dateModified\":\"2024-12-16T14:08:21+00:00\",\"author\":{\"@id\":\"https:\/\/france-resille.com\/en\/#\/schema\/person\/a0defa8635d5641180e9c552bb3ecf89\"},\"breadcrumb\":{\"@id\":\"https:\/\/france-resille.com\/en\/3-raisons-de-choisir-une-facade-decorative\/#breadcrumb\"},\"inLanguage\":\"en-US\",\"potentialAction\":[{\"@type\":\"ReadAction\",\"target\":[\"https:\/\/france-resille.com\/en\/3-raisons-de-choisir-une-facade-decorative\/\"]}]},{\"@type\":\"ImageObject\",\"inLanguage\":\"en-US\",\"@id\":\"https:\/\/france-resille.com\/en\/3-raisons-de-choisir-une-facade-decorative\/#primaryimage\",\"url\":\"https:\/\/france-resille.com\/wp-content\/uploads\/2019\/03\/colorful-house-facade-in-la-boca-buenos-aires-2023-11-27-05-11-17-utc-1.jpg\",\"contentUrl\":\"https:\/\/france-resille.com\/wp-content\/uploads\/2019\/03\/colorful-house-facade-in-la-boca-buenos-aires-2023-11-27-05-11-17-utc-1.jpg\",\"width\":1920,\"height\":1280,\"caption\":\"fa\u00e7ade color\u00e9e d\u00e9corative\"},{\"@type\":\"BreadcrumbList\",\"@id\":\"https:\/\/france-resille.com\/en\/3-raisons-de-choisir-une-facade-decorative\/#breadcrumb\",\"itemListElement\":[{\"@type\":\"ListItem\",\"position\":1,\"name\":\"Accueil\",\"item\":\"https:\/\/france-resille.com\/en\/home\/\"},{\"@type\":\"ListItem\",\"position\":2,\"name\":\"3 raisons de choisir une fa\u00e7ade d\u00e9corative.\"}]},{\"@type\":\"WebSite\",\"@id\":\"https:\/\/france-resille.com\/en\/#website\",\"url\":\"https:\/\/france-resille.com\/en\/\",\"name\":\"France R\u00e9sille\",\"description\":\"R\u00e9alisation de grille, pare soleil, fa\u00e7ade \u00e0 partir de mat\u00e9riaux d\u00e9coup\u00e9s\",\"potentialAction\":[{\"@type\":\"SearchAction\",\"target\":{\"@type\":\"EntryPoint\",\"urlTemplate\":\"https:\/\/france-resille.com\/en\/?s={search_term_string}\"},\"query-input\":{\"@type\":\"PropertyValueSpecification\",\"valueRequired\":true,\"valueName\":\"search_term_string\"}}],\"inLanguage\":\"en-US\"},{\"@type\":\"Person\",\"@id\":\"https:\/\/france-resille.com\/en\/#\/schema\/person\/a0defa8635d5641180e9c552bb3ecf89\",\"name\":\"Auteur1\",\"image\":{\"@type\":\"ImageObject\",\"inLanguage\":\"en-US\",\"@id\":\"https:\/\/france-resille.com\/en\/#\/schema\/person\/image\/\",\"url\":\"https:\/\/secure.gravatar.com\/avatar\/0f87935fa444a38263f35aecd324d5c7126d26bbb4f0b3dfdc641da352df7828?s=96&d=mm&r=g\",\"contentUrl\":\"https:\/\/secure.gravatar.com\/avatar\/0f87935fa444a38263f35aecd324d5c7126d26bbb4f0b3dfdc641da352df7828?s=96&d=mm&r=g\",\"caption\":\"Auteur1\"}}]}<\/script>\n<!-- \/ Yoast SEO plugin. -->","yoast_head_json":{"title":"3 raisons de choisir une fa\u00e7ade d\u00e9corative.","robots":{"index":"index","follow":"follow","max-snippet":"max-snippet:-1","max-image-preview":"max-image-preview:large","max-video-preview":"max-video-preview:-1"},"canonical":"https:\/\/france-resille.com\/en\/3-raisons-de-choisir-une-facade-decorative\/","og_locale":"en_US","og_type":"article","og_title":"3 raisons de choisir une fa\u00e7ade d\u00e9corative.","og_description":"Grande nouveaut\u00e9 dans le domaine du b\u00e2timent, le parement de fa\u00e7ade s\u2019invite au milieu de nos villes et attire tous les regards.","og_url":"https:\/\/france-resille.com\/en\/3-raisons-de-choisir-une-facade-decorative\/","og_site_name":"France R\u00e9sille","article_published_time":"2019-03-21T14:19:47+00:00","article_modified_time":"2024-12-16T14:08:21+00:00","og_image":[{"width":1920,"height":1280,"url":"https:\/\/france-resille.com\/wp-content\/uploads\/2019\/03\/colorful-house-facade-in-la-boca-buenos-aires-2023-11-27-05-11-17-utc-1.jpg","type":"image\/jpeg"}],"author":"Auteur1","twitter_misc":{"Written by":"Auteur1","Est. reading time":"3 minutes"},"schema":{"@context":"https:\/\/schema.org","@graph":[{"@type":"Article","@id":"https:\/\/france-resille.com\/en\/3-raisons-de-choisir-une-facade-decorative\/#article","isPartOf":{"@id":"https:\/\/france-resille.com\/en\/3-raisons-de-choisir-une-facade-decorative\/"},"author":{"name":"Auteur1","@id":"https:\/\/france-resille.com\/en\/#\/schema\/person\/a0defa8635d5641180e9c552bb3ecf89"},"headline":"3 raisons de choisir une fa\u00e7ade d\u00e9corative.","datePublished":"2019-03-21T14:19:47+00:00","dateModified":"2024-12-16T14:08:21+00:00","mainEntityOfPage":{"@id":"https:\/\/france-resille.com\/en\/3-raisons-de-choisir-une-facade-decorative\/"},"wordCount":568,"image":{"@id":"https:\/\/france-resille.com\/en\/3-raisons-de-choisir-une-facade-decorative\/#primaryimage"},"thumbnailUrl":"https:\/\/france-resille.com\/wp-content\/uploads\/2019\/03\/colorful-house-facade-in-la-boca-buenos-aires-2023-11-27-05-11-17-utc-1.jpg","articleSection":["Divers"],"inLanguage":"en-US"},{"@type":"WebPage","@id":"https:\/\/france-resille.com\/en\/3-raisons-de-choisir-une-facade-decorative\/","url":"https:\/\/france-resille.com\/en\/3-raisons-de-choisir-une-facade-decorative\/","name":"3 raisons de choisir une fa\u00e7ade d\u00e9corative.","isPartOf":{"@id":"https:\/\/france-resille.com\/en\/#website"},"primaryImageOfPage":{"@id":"https:\/\/france-resille.com\/en\/3-raisons-de-choisir-une-facade-decorative\/#primaryimage"},"image":{"@id":"https:\/\/france-resille.com\/en\/3-raisons-de-choisir-une-facade-decorative\/#primaryimage"},"thumbnailUrl":"https:\/\/france-resille.com\/wp-content\/uploads\/2019\/03\/colorful-house-facade-in-la-boca-buenos-aires-2023-11-27-05-11-17-utc-1.jpg","datePublished":"2019-03-21T14:19:47+00:00","dateModified":"2024-12-16T14:08:21+00:00","author":{"@id":"https:\/\/france-resille.com\/en\/#\/schema\/person\/a0defa8635d5641180e9c552bb3ecf89"},"breadcrumb":{"@id":"https:\/\/france-resille.com\/en\/3-raisons-de-choisir-une-facade-decorative\/#breadcrumb"},"inLanguage":"en-US","potentialAction":[{"@type":"ReadAction","target":["https:\/\/france-resille.com\/en\/3-raisons-de-choisir-une-facade-decorative\/"]}]},{"@type":"ImageObject","inLanguage":"en-US","@id":"https:\/\/france-resille.com\/en\/3-raisons-de-choisir-une-facade-decorative\/#primaryimage","url":"https:\/\/france-resille.com\/wp-content\/uploads\/2019\/03\/colorful-house-facade-in-la-boca-buenos-aires-2023-11-27-05-11-17-utc-1.jpg","contentUrl":"https:\/\/france-resille.com\/wp-content\/uploads\/2019\/03\/colorful-house-facade-in-la-boca-buenos-aires-2023-11-27-05-11-17-utc-1.jpg","width":1920,"height":1280,"caption":"fa\u00e7ade color\u00e9e d\u00e9corative"},{"@type":"BreadcrumbList","@id":"https:\/\/france-resille.com\/en\/3-raisons-de-choisir-une-facade-decorative\/#breadcrumb","itemListElement":[{"@type":"ListItem","position":1,"name":"Accueil","item":"https:\/\/france-resille.com\/en\/home\/"},{"@type":"ListItem","position":2,"name":"3 raisons de choisir une fa\u00e7ade d\u00e9corative."}]},{"@type":"WebSite","@id":"https:\/\/france-resille.com\/en\/#website","url":"https:\/\/france-resille.com\/en\/","name":"France R\u00e9sille","description":"R\u00e9alisation de grille, pare soleil, fa\u00e7ade \u00e0 partir de mat\u00e9riaux d\u00e9coup\u00e9s","potentialAction":[{"@type":"SearchAction","target":{"@type":"EntryPoint","urlTemplate":"https:\/\/france-resille.com\/en\/?s={search_term_string}"},"query-input":{"@type":"PropertyValueSpecification","valueRequired":true,"valueName":"search_term_string"}}],"inLanguage":"en-US"},{"@type":"Person","@id":"https:\/\/france-resille.com\/en\/#\/schema\/person\/a0defa8635d5641180e9c552bb3ecf89","name":"Auteur1","image":{"@type":"ImageObject","inLanguage":"en-US","@id":"https:\/\/france-resille.com\/en\/#\/schema\/person\/image\/","url":"https:\/\/secure.gravatar.com\/avatar\/0f87935fa444a38263f35aecd324d5c7126d26bbb4f0b3dfdc641da352df7828?s=96&d=mm&r=g","contentUrl":"https:\/\/secure.gravatar.com\/avatar\/0f87935fa444a38263f35aecd324d5c7126d26bbb4f0b3dfdc641da352df7828?s=96&d=mm&r=g","caption":"Auteur1"}}]}},"_links":{"self":[{"href":"https:\/\/france-resille.com\/en\/wp-json\/wp\/v2\/posts\/3723","targetHints":{"allow":["GET"]}}],"collection":[{"href":"https:\/\/france-resille.com\/en\/wp-json\/wp\/v2\/posts"}],"about":[{"href":"https:\/\/france-resille.com\/en\/wp-json\/wp\/v2\/types\/post"}],"author":[{"embeddable":true,"href":"https:\/\/france-resille.com\/en\/wp-json\/wp\/v2\/users\/2"}],"replies":[{"embeddable":true,"href":"https:\/\/france-resille.com\/en\/wp-json\/wp\/v2\/comments?post=3723"}],"version-history":[{"count":0,"href":"https:\/\/france-resille.com\/en\/wp-json\/wp\/v2\/posts\/3723\/revisions"}],"wp:featuredmedia":[{"embeddable":true,"href":"https:\/\/france-resille.com\/en\/wp-json\/wp\/v2\/media\/6279"}],"wp:attachment":[{"href":"https:\/\/france-resille.com\/en\/wp-json\/wp\/v2\/media?parent=3723"}],"wp:term":[{"taxonomy":"category","embeddable":true,"href":"https:\/\/france-resille.com\/en\/wp-json\/wp\/v2\/categories?post=3723"},{"taxonomy":"post_tag","embeddable":true,"href":"https:\/\/france-resille.com\/en\/wp-json\/wp\/v2\/tags?post=3723"}],"curies":[{"name":"wp","href":"https:\/\/api.w.org\/{rel}","templated":true}]}}