{"id":3327,"date":"2016-02-09T15:35:53","date_gmt":"2016-02-09T13:35:53","guid":{"rendered":"https:\/\/france-resille.com\/?p=3327"},"modified":"2022-02-24T14:29:21","modified_gmt":"2022-02-24T13:29:21","slug":"wip-villegiales-constellations-housing-in-juvignac","status":"publish","type":"post","link":"https:\/\/france-resille.com\/en\/wip-villegiales-constellations-housing-in-juvignac\/","title":{"rendered":"WIP: Les Vill\u00e9giales Constellations &#8211; Housing in Juvignac"},"content":{"rendered":"\n\t\t<style type=\"text\/css\">\n\t\t\t#gallery-1 {\n\t\t\t\tmargin: auto;\n\t\t\t}\n\t\t\t#gallery-1 .gallery-item {\n\t\t\t\tfloat: left;\n\t\t\t\tmargin-top: 10px;\n\t\t\t\ttext-align: center;\n\t\t\t\twidth: 50%;\n\t\t\t}\n\t\t\t#gallery-1 img {\n\t\t\t\tborder: 2px solid #cfcfcf;\n\t\t\t}\n\t\t\t#gallery-1 .gallery-caption {\n\t\t\t\tmargin-left: 0;\n\t\t\t}\n\t\t\t\/* see gallery_shortcode() in wp-includes\/media.php *\/\n\t\t<\/style>\n\t\t<div id='gallery-1' class='gallery galleryid-3327 gallery-columns-2 gallery-size-thumbnail'><dl class='gallery-item'>\n\t\t\t<dt class='gallery-icon landscape'>\n\t\t\t\t<a href='https:\/\/france-resille.com\/en\/les-villegiales-chantier-facade-garde-corps-brise-soleil-1-2\/'><img loading=\"lazy\" decoding=\"async\" width=\"80\" height=\"80\" src=\"https:\/\/france-resille.com\/wp-content\/uploads\/2016\/02\/Les-villegiales-chantier-facade-garde-corps-brise-soleil-1-80x80.jpg\" class=\"attachment-thumbnail size-thumbnail\" alt=\"\" aria-describedby=\"gallery-1-3172\" srcset=\"https:\/\/france-resille.com\/wp-content\/uploads\/2016\/02\/Les-villegiales-chantier-facade-garde-corps-brise-soleil-1-80x80.jpg 80w, https:\/\/france-resille.com\/wp-content\/uploads\/2016\/02\/Les-villegiales-chantier-facade-garde-corps-brise-soleil-1-36x36.jpg 36w, https:\/\/france-resille.com\/wp-content\/uploads\/2016\/02\/Les-villegiales-chantier-facade-garde-corps-brise-soleil-1-180x180.jpg 180w, https:\/\/france-resille.com\/wp-content\/uploads\/2016\/02\/Les-villegiales-chantier-facade-garde-corps-brise-soleil-1-120x120.jpg 120w, https:\/\/france-resille.com\/wp-content\/uploads\/2016\/02\/Les-villegiales-chantier-facade-garde-corps-brise-soleil-1-450x450.jpg 450w\" sizes=\"auto, (max-width: 80px) 100vw, 80px\" \/><\/a>\n\t\t\t<\/dt>\n\t\t\t\t<dd class='wp-caption-text gallery-caption' id='gallery-1-3172'>\n\t\t\t\tLes Vill\u00e9giales Constellations &#8211; Housing in Juvignac\n\t\t\t\t<\/dd><\/dl><dl class='gallery-item'>\n\t\t\t<dt class='gallery-icon portrait'>\n\t\t\t\t<a href='https:\/\/france-resille.com\/en\/les-villegiales-chantier-facade-garde-corps-brise-soleil-2-2\/'><img loading=\"lazy\" decoding=\"async\" width=\"80\" height=\"80\" src=\"https:\/\/france-resille.com\/wp-content\/uploads\/2016\/02\/Les-villegiales-chantier-facade-garde-corps-brise-soleil-2-80x80.jpg\" class=\"attachment-thumbnail size-thumbnail\" alt=\"\" aria-describedby=\"gallery-1-3174\" srcset=\"https:\/\/france-resille.com\/wp-content\/uploads\/2016\/02\/Les-villegiales-chantier-facade-garde-corps-brise-soleil-2-80x80.jpg 80w, https:\/\/france-resille.com\/wp-content\/uploads\/2016\/02\/Les-villegiales-chantier-facade-garde-corps-brise-soleil-2-36x36.jpg 36w, https:\/\/france-resille.com\/wp-content\/uploads\/2016\/02\/Les-villegiales-chantier-facade-garde-corps-brise-soleil-2-180x180.jpg 180w, https:\/\/france-resille.com\/wp-content\/uploads\/2016\/02\/Les-villegiales-chantier-facade-garde-corps-brise-soleil-2-120x120.jpg 120w, https:\/\/france-resille.com\/wp-content\/uploads\/2016\/02\/Les-villegiales-chantier-facade-garde-corps-brise-soleil-2-450x450.jpg 450w\" sizes=\"auto, (max-width: 80px) 100vw, 80px\" \/><\/a>\n\t\t\t<\/dt>\n\t\t\t\t<dd class='wp-caption-text gallery-caption' id='gallery-1-3174'>\n\t\t\t\tLes Vill\u00e9giales Constellations &#8211; Housing in Juvignac\n\t\t\t\t<\/dd><\/dl><br style=\"clear: both\" \/>\n\t\t<\/div>\n\n","protected":false},"excerpt":{"rendered":"","protected":false},"author":1,"featured_media":3172,"comment_status":"closed","ping_status":"closed","sticky":false,"template":"","format":"gallery","meta":{"footnotes":""},"categories":[26],"tags":[],"class_list":["post-3327","post","type-post","status-publish","format-gallery","has-post-thumbnail","hentry","category-wip","post_format-post-format-gallery"],"yoast_head":"<!-- This site is optimized with the Yoast SEO plugin v26.9 - https:\/\/yoast.com\/product\/yoast-seo-wordpress\/ -->\n<title>WIP: Les Vill\u00e9giales Constellations - Housing in Juvignac<\/title>\n<meta name=\"robots\" content=\"index, follow, max-snippet:-1, max-image-preview:large, max-video-preview:-1\" \/>\n<link rel=\"canonical\" href=\"https:\/\/france-resille.com\/en\/wip-villegiales-constellations-housing-in-juvignac\/\" \/>\n<meta property=\"og:locale\" content=\"en_US\" \/>\n<meta property=\"og:type\" content=\"article\" \/>\n<meta property=\"og:title\" content=\"WIP: Les Vill\u00e9giales Constellations - Housing in Juvignac\" \/>\n<meta property=\"og:url\" content=\"https:\/\/france-resille.com\/en\/wip-villegiales-constellations-housing-in-juvignac\/\" \/>\n<meta property=\"og:site_name\" content=\"France R\u00e9sille\" \/>\n<meta property=\"article:published_time\" content=\"2016-02-09T13:35:53+00:00\" \/>\n<meta property=\"article:modified_time\" content=\"2022-02-24T13:29:21+00:00\" \/>\n<meta property=\"og:image\" content=\"https:\/\/france-resille.com\/wp-content\/uploads\/2016\/02\/Les-vill\u00e9giales-chantier-fa\u00e7ade-garde-corps-brise-soleil-1.jpg\" \/>\n\t<meta property=\"og:image:width\" content=\"2048\" \/>\n\t<meta property=\"og:image:height\" content=\"1429\" \/>\n\t<meta property=\"og:image:type\" content=\"image\/jpeg\" \/>\n<meta name=\"author\" content=\"FranceRes\" \/>\n<meta name=\"twitter:label1\" content=\"Written by\" \/>\n\t<meta name=\"twitter:data1\" content=\"FranceRes\" \/>\n<script type=\"application\/ld+json\" class=\"yoast-schema-graph\">{\"@context\":\"https:\/\/schema.org\",\"@graph\":[{\"@type\":\"Article\",\"@id\":\"https:\/\/france-resille.com\/en\/wip-villegiales-constellations-housing-in-juvignac\/#article\",\"isPartOf\":{\"@id\":\"https:\/\/france-resille.com\/en\/wip-villegiales-constellations-housing-in-juvignac\/\"},\"author\":{\"name\":\"FranceRes\",\"@id\":\"https:\/\/france-resille.com\/en\/#\/schema\/person\/650fc2dc2d320c4484f60942efc8dc64\"},\"headline\":\"WIP: Les Vill\u00e9giales Constellations &#8211; Housing in Juvignac\",\"datePublished\":\"2016-02-09T13:35:53+00:00\",\"dateModified\":\"2022-02-24T13:29:21+00:00\",\"mainEntityOfPage\":{\"@id\":\"https:\/\/france-resille.com\/en\/wip-villegiales-constellations-housing-in-juvignac\/\"},\"wordCount\":12,\"image\":{\"@id\":\"https:\/\/france-resille.com\/en\/wip-villegiales-constellations-housing-in-juvignac\/#primaryimage\"},\"thumbnailUrl\":\"https:\/\/france-resille.com\/wp-content\/uploads\/2016\/02\/Les-vill\u00e9giales-chantier-fa\u00e7ade-garde-corps-brise-soleil-1.jpg\",\"articleSection\":[\"WIP\"],\"inLanguage\":\"en-US\"},{\"@type\":\"WebPage\",\"@id\":\"https:\/\/france-resille.com\/en\/wip-villegiales-constellations-housing-in-juvignac\/\",\"url\":\"https:\/\/france-resille.com\/en\/wip-villegiales-constellations-housing-in-juvignac\/\",\"name\":\"WIP: Les Vill\u00e9giales Constellations - Housing in Juvignac\",\"isPartOf\":{\"@id\":\"https:\/\/france-resille.com\/en\/#website\"},\"primaryImageOfPage\":{\"@id\":\"https:\/\/france-resille.com\/en\/wip-villegiales-constellations-housing-in-juvignac\/#primaryimage\"},\"image\":{\"@id\":\"https:\/\/france-resille.com\/en\/wip-villegiales-constellations-housing-in-juvignac\/#primaryimage\"},\"thumbnailUrl\":\"https:\/\/france-resille.com\/wp-content\/uploads\/2016\/02\/Les-vill\u00e9giales-chantier-fa\u00e7ade-garde-corps-brise-soleil-1.jpg\",\"datePublished\":\"2016-02-09T13:35:53+00:00\",\"dateModified\":\"2022-02-24T13:29:21+00:00\",\"author\":{\"@id\":\"https:\/\/france-resille.com\/en\/#\/schema\/person\/650fc2dc2d320c4484f60942efc8dc64\"},\"breadcrumb\":{\"@id\":\"https:\/\/france-resille.com\/en\/wip-villegiales-constellations-housing-in-juvignac\/#breadcrumb\"},\"inLanguage\":\"en-US\",\"potentialAction\":[{\"@type\":\"ReadAction\",\"target\":[\"https:\/\/france-resille.com\/en\/wip-villegiales-constellations-housing-in-juvignac\/\"]}]},{\"@type\":\"ImageObject\",\"inLanguage\":\"en-US\",\"@id\":\"https:\/\/france-resille.com\/en\/wip-villegiales-constellations-housing-in-juvignac\/#primaryimage\",\"url\":\"https:\/\/france-resille.com\/wp-content\/uploads\/2016\/02\/Les-vill\u00e9giales-chantier-fa\u00e7ade-garde-corps-brise-soleil-1.jpg\",\"contentUrl\":\"https:\/\/france-resille.com\/wp-content\/uploads\/2016\/02\/Les-vill\u00e9giales-chantier-fa\u00e7ade-garde-corps-brise-soleil-1.jpg\",\"width\":2048,\"height\":1429,\"caption\":\"Les Vill\u00e9giales Constellations - Housing in Juvignac\"},{\"@type\":\"BreadcrumbList\",\"@id\":\"https:\/\/france-resille.com\/en\/wip-villegiales-constellations-housing-in-juvignac\/#breadcrumb\",\"itemListElement\":[{\"@type\":\"ListItem\",\"position\":1,\"name\":\"Accueil\",\"item\":\"https:\/\/france-resille.com\/en\/home\/\"},{\"@type\":\"ListItem\",\"position\":2,\"name\":\"WIP: Les Vill\u00e9giales Constellations &#8211; Housing in Juvignac\"}]},{\"@type\":\"WebSite\",\"@id\":\"https:\/\/france-resille.com\/en\/#website\",\"url\":\"https:\/\/france-resille.com\/en\/\",\"name\":\"France R\u00e9sille\",\"description\":\"R\u00e9alisation de grille, pare soleil, fa\u00e7ade \u00e0 partir de mat\u00e9riaux d\u00e9coup\u00e9s\",\"potentialAction\":[{\"@type\":\"SearchAction\",\"target\":{\"@type\":\"EntryPoint\",\"urlTemplate\":\"https:\/\/france-resille.com\/en\/?s={search_term_string}\"},\"query-input\":{\"@type\":\"PropertyValueSpecification\",\"valueRequired\":true,\"valueName\":\"search_term_string\"}}],\"inLanguage\":\"en-US\"},{\"@type\":\"Person\",\"@id\":\"https:\/\/france-resille.com\/en\/#\/schema\/person\/650fc2dc2d320c4484f60942efc8dc64\",\"name\":\"FranceRes\",\"image\":{\"@type\":\"ImageObject\",\"inLanguage\":\"en-US\",\"@id\":\"https:\/\/france-resille.com\/en\/#\/schema\/person\/image\/\",\"url\":\"https:\/\/secure.gravatar.com\/avatar\/a7a6c9361ab3834aca1e880307804429f3a31ec5ff23d7120c8287a1b13e33e7?s=96&d=mm&r=g\",\"contentUrl\":\"https:\/\/secure.gravatar.com\/avatar\/a7a6c9361ab3834aca1e880307804429f3a31ec5ff23d7120c8287a1b13e33e7?s=96&d=mm&r=g\",\"caption\":\"FranceRes\"},\"sameAs\":[\"http:\/\/FranceRes\"]}]}<\/script>\n<!-- \/ Yoast SEO plugin. -->","yoast_head_json":{"title":"WIP: Les Vill\u00e9giales Constellations - Housing in Juvignac","robots":{"index":"index","follow":"follow","max-snippet":"max-snippet:-1","max-image-preview":"max-image-preview:large","max-video-preview":"max-video-preview:-1"},"canonical":"https:\/\/france-resille.com\/en\/wip-villegiales-constellations-housing-in-juvignac\/","og_locale":"en_US","og_type":"article","og_title":"WIP: Les Vill\u00e9giales Constellations - Housing in Juvignac","og_url":"https:\/\/france-resille.com\/en\/wip-villegiales-constellations-housing-in-juvignac\/","og_site_name":"France R\u00e9sille","article_published_time":"2016-02-09T13:35:53+00:00","article_modified_time":"2022-02-24T13:29:21+00:00","og_image":[{"width":2048,"height":1429,"url":"https:\/\/france-resille.com\/wp-content\/uploads\/2016\/02\/Les-vill\u00e9giales-chantier-fa\u00e7ade-garde-corps-brise-soleil-1.jpg","type":"image\/jpeg"}],"author":"FranceRes","twitter_misc":{"Written by":"FranceRes"},"schema":{"@context":"https:\/\/schema.org","@graph":[{"@type":"Article","@id":"https:\/\/france-resille.com\/en\/wip-villegiales-constellations-housing-in-juvignac\/#article","isPartOf":{"@id":"https:\/\/france-resille.com\/en\/wip-villegiales-constellations-housing-in-juvignac\/"},"author":{"name":"FranceRes","@id":"https:\/\/france-resille.com\/en\/#\/schema\/person\/650fc2dc2d320c4484f60942efc8dc64"},"headline":"WIP: Les Vill\u00e9giales Constellations &#8211; Housing in Juvignac","datePublished":"2016-02-09T13:35:53+00:00","dateModified":"2022-02-24T13:29:21+00:00","mainEntityOfPage":{"@id":"https:\/\/france-resille.com\/en\/wip-villegiales-constellations-housing-in-juvignac\/"},"wordCount":12,"image":{"@id":"https:\/\/france-resille.com\/en\/wip-villegiales-constellations-housing-in-juvignac\/#primaryimage"},"thumbnailUrl":"https:\/\/france-resille.com\/wp-content\/uploads\/2016\/02\/Les-vill\u00e9giales-chantier-fa\u00e7ade-garde-corps-brise-soleil-1.jpg","articleSection":["WIP"],"inLanguage":"en-US"},{"@type":"WebPage","@id":"https:\/\/france-resille.com\/en\/wip-villegiales-constellations-housing-in-juvignac\/","url":"https:\/\/france-resille.com\/en\/wip-villegiales-constellations-housing-in-juvignac\/","name":"WIP: Les Vill\u00e9giales Constellations - Housing in Juvignac","isPartOf":{"@id":"https:\/\/france-resille.com\/en\/#website"},"primaryImageOfPage":{"@id":"https:\/\/france-resille.com\/en\/wip-villegiales-constellations-housing-in-juvignac\/#primaryimage"},"image":{"@id":"https:\/\/france-resille.com\/en\/wip-villegiales-constellations-housing-in-juvignac\/#primaryimage"},"thumbnailUrl":"https:\/\/france-resille.com\/wp-content\/uploads\/2016\/02\/Les-vill\u00e9giales-chantier-fa\u00e7ade-garde-corps-brise-soleil-1.jpg","datePublished":"2016-02-09T13:35:53+00:00","dateModified":"2022-02-24T13:29:21+00:00","author":{"@id":"https:\/\/france-resille.com\/en\/#\/schema\/person\/650fc2dc2d320c4484f60942efc8dc64"},"breadcrumb":{"@id":"https:\/\/france-resille.com\/en\/wip-villegiales-constellations-housing-in-juvignac\/#breadcrumb"},"inLanguage":"en-US","potentialAction":[{"@type":"ReadAction","target":["https:\/\/france-resille.com\/en\/wip-villegiales-constellations-housing-in-juvignac\/"]}]},{"@type":"ImageObject","inLanguage":"en-US","@id":"https:\/\/france-resille.com\/en\/wip-villegiales-constellations-housing-in-juvignac\/#primaryimage","url":"https:\/\/france-resille.com\/wp-content\/uploads\/2016\/02\/Les-vill\u00e9giales-chantier-fa\u00e7ade-garde-corps-brise-soleil-1.jpg","contentUrl":"https:\/\/france-resille.com\/wp-content\/uploads\/2016\/02\/Les-vill\u00e9giales-chantier-fa\u00e7ade-garde-corps-brise-soleil-1.jpg","width":2048,"height":1429,"caption":"Les Vill\u00e9giales Constellations - Housing in Juvignac"},{"@type":"BreadcrumbList","@id":"https:\/\/france-resille.com\/en\/wip-villegiales-constellations-housing-in-juvignac\/#breadcrumb","itemListElement":[{"@type":"ListItem","position":1,"name":"Accueil","item":"https:\/\/france-resille.com\/en\/home\/"},{"@type":"ListItem","position":2,"name":"WIP: Les Vill\u00e9giales Constellations &#8211; Housing in Juvignac"}]},{"@type":"WebSite","@id":"https:\/\/france-resille.com\/en\/#website","url":"https:\/\/france-resille.com\/en\/","name":"France R\u00e9sille","description":"R\u00e9alisation de grille, pare soleil, fa\u00e7ade \u00e0 partir de mat\u00e9riaux d\u00e9coup\u00e9s","potentialAction":[{"@type":"SearchAction","target":{"@type":"EntryPoint","urlTemplate":"https:\/\/france-resille.com\/en\/?s={search_term_string}"},"query-input":{"@type":"PropertyValueSpecification","valueRequired":true,"valueName":"search_term_string"}}],"inLanguage":"en-US"},{"@type":"Person","@id":"https:\/\/france-resille.com\/en\/#\/schema\/person\/650fc2dc2d320c4484f60942efc8dc64","name":"FranceRes","image":{"@type":"ImageObject","inLanguage":"en-US","@id":"https:\/\/france-resille.com\/en\/#\/schema\/person\/image\/","url":"https:\/\/secure.gravatar.com\/avatar\/a7a6c9361ab3834aca1e880307804429f3a31ec5ff23d7120c8287a1b13e33e7?s=96&d=mm&r=g","contentUrl":"https:\/\/secure.gravatar.com\/avatar\/a7a6c9361ab3834aca1e880307804429f3a31ec5ff23d7120c8287a1b13e33e7?s=96&d=mm&r=g","caption":"FranceRes"},"sameAs":["http:\/\/FranceRes"]}]}},"_links":{"self":[{"href":"https:\/\/france-resille.com\/en\/wp-json\/wp\/v2\/posts\/3327","targetHints":{"allow":["GET"]}}],"collection":[{"href":"https:\/\/france-resille.com\/en\/wp-json\/wp\/v2\/posts"}],"about":[{"href":"https:\/\/france-resille.com\/en\/wp-json\/wp\/v2\/types\/post"}],"author":[{"embeddable":true,"href":"https:\/\/france-resille.com\/en\/wp-json\/wp\/v2\/users\/1"}],"replies":[{"embeddable":true,"href":"https:\/\/france-resille.com\/en\/wp-json\/wp\/v2\/comments?post=3327"}],"version-history":[{"count":0,"href":"https:\/\/france-resille.com\/en\/wp-json\/wp\/v2\/posts\/3327\/revisions"}],"wp:featuredmedia":[{"embeddable":true,"href":"https:\/\/france-resille.com\/en\/wp-json\/wp\/v2\/media\/3172"}],"wp:attachment":[{"href":"https:\/\/france-resille.com\/en\/wp-json\/wp\/v2\/media?parent=3327"}],"wp:term":[{"taxonomy":"category","embeddable":true,"href":"https:\/\/france-resille.com\/en\/wp-json\/wp\/v2\/categories?post=3327"},{"taxonomy":"post_tag","embeddable":true,"href":"https:\/\/france-resille.com\/en\/wp-json\/wp\/v2\/tags?post=3327"}],"curies":[{"name":"wp","href":"https:\/\/api.w.org\/{rel}","templated":true}]}}